{"id":53743,"date":"2019-02-18T16:34:09","date_gmt":"2019-02-18T15:34:09","guid":{"rendered":"http:\/\/www.sabinewenig.de\/myblog\/?p=53743"},"modified":"2021-04-12T18:59:12","modified_gmt":"2021-04-12T17:59:12","slug":"brandanschlag-gegen-auslaender-im-eigenen-haus","status":"publish","type":"post","link":"http:\/\/www.sabinewenig.de\/myblog\/?p=53743","title":{"rendered":"Brandanschlag gegen Ausl\u00e4nder im eigenen Haus"},"content":{"rendered":"<p>https:\/\/www.mdr.de\/sachsen-anhalt\/magdeburg\/magdeburg\/brandstiftung-auto-balkon-syrer-feuer100.html<br \/>\nhttps:\/\/www.mdr.de\/sachsen-anhalt\/magdeburg\/magdeburg\/video-275704_zc-85db3e9a_zs-114d12ca.html<\/p>\n<p><a href=\"http:\/\/magdeburger-news.de\/index.php?this=frame&amp;c=20190218130004&amp;ref=facebook&amp;fbclid=IwAR005lAJJUL3vgiZF9e3hcIgeq4Ka8G34JYTxzUxiSawcnwCLdx_ZWMiiXU\" target=\"_blank\" rel=\"noopener noreferrer\">http:\/\/magdeburger-news.de\/index.php?this=frame&amp;c=20190218130004&amp;ref=facebook&amp;fbclid=IwAR005lAJJUL3vgiZF9e3hcIgeq4Ka8G34JYTxzUxiSawcnwCLdx_ZWMiiXU<\/a><\/p>\n<p>https:\/\/www.volksstimme.de\/sachsenanhalt\/balkon-und-auto-angezuendet-verdacht-der-brandstiftung\/1550561215000<\/p>\n<p>Man ist hier was los : 17.2.\/18.2.2019<\/p>\n<p>gegen Mitternacht brennt auf einmal die unterste Wohnung und das Auto vor dem Balkon &#8211; alle m\u00fcssen aus dem Haus &#8211; Treppenhaus voller Qualm , Feuerwehr l\u00f6scht und wirft noch qualmendes Inventar \u00fcber den Balkon &#8230;.<br \/>\ntags drauf geht die Kripo im Haus um zur Zeugenbefragung und sp\u00e4ter stehen alle Bewohner vorm Haus und jeder hat seine eigene Theorie zum Vorfall. Der Balkon wurde erst Mal zugenagelt.<br \/>\nAusl\u00e4nder regeln solche Dinge unter sich &#8230;<br \/>\nSchade daran ist v.a. da\u00df andere nicht beteiligte Deutsche in Mitleidenschaft gezogen werden (z.B. die Wohnung dar\u00fcber ist alles verrust und der volle W\u00e4schekeller darunter ist nicht zu retten.)<\/p>\n<p>Am 13.3.2019 gingen nochmals zwei Polizisten zur Befragung durch\u00b4s Haus.<\/p>\n<p><img loading=\"lazy\" decoding=\"async\" class=\"alignnone size-full wp-image-53783\" style=\"font-size: 12px;\" src=\"http:\/\/www.sabinewenig.de\/myblog\/wp-content\/uploads\/2019\/02\/IMG_2995_kl.jpg\" alt=\"\" width=\"256\" height=\"192\">&nbsp;<img loading=\"lazy\" decoding=\"async\" class=\"alignnone size-full wp-image-53782\" src=\"http:\/\/www.sabinewenig.de\/myblog\/wp-content\/uploads\/2019\/02\/IMG_2994_kl.jpg\" alt=\"\" width=\"192\" height=\"256\"><\/p>\n<p><img loading=\"lazy\" decoding=\"async\" class=\"alignnone size-full wp-image-53781\" src=\"http:\/\/www.sabinewenig.de\/myblog\/wp-content\/uploads\/2019\/02\/IMG_2993_kl.jpg\" alt=\"\" width=\"256\" height=\"192\"><\/p>\n<p>&#8230; fr\u00fcher gab es sowas bei uns nicht !!!<\/p>\n<p>Anfang Mai 2019 wurden endlich die Bretter vor den Balkonfenstern durch Glasfenster ersetzt und ab 8.5.2019 steht ein Bauger\u00fcst vor dem abgebrannten Balkon und dem dar\u00fcber &#8211; jetzt wird da saniert und dann ? Laut einiger Einwohner hier, ziehen dann die selben Ausl\u00e4nder wieder ein. Da ist es doch dann nur eine Frage der Zeit, bis es hier wieder brennt !<\/p>\n<p><img loading=\"lazy\" decoding=\"async\" class=\"alignnone size-full wp-image-54612\" src=\"http:\/\/www.sabinewenig.de\/myblog\/wp-content\/uploads\/2019\/02\/IMG_4049_kl.jpg\" alt=\"\" width=\"256\" height=\"192\"> <img loading=\"lazy\" decoding=\"async\" class=\"alignnone size-full wp-image-54613\" src=\"http:\/\/www.sabinewenig.de\/myblog\/wp-content\/uploads\/2019\/02\/IMG_4050_kl.jpg\" alt=\"\" width=\"256\" height=\"192\"> <img loading=\"lazy\" decoding=\"async\" class=\"alignnone size-full wp-image-54614\" src=\"http:\/\/www.sabinewenig.de\/myblog\/wp-content\/uploads\/2019\/02\/IMG_4051_kl.jpg\" alt=\"\" width=\"750\" height=\"1174\" srcset=\"http:\/\/www.sabinewenig.de\/myblog\/wp-content\/uploads\/2019\/02\/IMG_4051_kl.jpg 750w, http:\/\/www.sabinewenig.de\/myblog\/wp-content\/uploads\/2019\/02\/IMG_4051_kl-192x300.jpg 192w, http:\/\/www.sabinewenig.de\/myblog\/wp-content\/uploads\/2019\/02\/IMG_4051_kl-654x1024.jpg 654w\" sizes=\"auto, (max-width: 750px) 100vw, 750px\" \/><\/p>\n<p><img loading=\"lazy\" decoding=\"async\" class=\"alignnone size-full wp-image-54743\" src=\"http:\/\/www.sabinewenig.de\/myblog\/wp-content\/uploads\/2019\/02\/IMG_4220_kl.jpg\" alt=\"\" width=\"192\" height=\"256\"> <img loading=\"lazy\" decoding=\"async\" class=\"alignnone size-full wp-image-54744\" src=\"http:\/\/www.sabinewenig.de\/myblog\/wp-content\/uploads\/2019\/02\/IMG_4221_kl.jpg\" alt=\"\" width=\"256\" height=\"192\"><\/p>\n<p>Heute, 4.7.2019, sind neue Bewohner in die Brandwohnung eingezogen &#8211; Deutsche &#8211; hab mich mit der Frau unterhalten, sagt, riecht nicht mehr verkohlt, nur extrem nach Farbe &#8230;<\/p>\n","protected":false},"excerpt":{"rendered":"<p>https:\/\/www.mdr.de\/sachsen-anhalt\/magdeburg\/magdeburg\/brandstiftung-auto-balkon-syrer-feuer100.html https:\/\/www.mdr.de\/sachsen-anhalt\/magdeburg\/magdeburg\/video-275704_zc-85db3e9a_zs-114d12ca.html http:\/\/magdeburger-news.de\/index.php?this=frame&amp;c=20190218130004&amp;ref=facebook&amp;fbclid=IwAR005lAJJUL3vgiZF9e3hcIgeq4Ka8G34JYTxzUxiSawcnwCLdx_ZWMiiXU https:\/\/www.volksstimme.de\/sachsenanhalt\/balkon-und-auto-angezuendet-verdacht-der-brandstiftung\/1550561215000 Man ist hier was los : 17.2.\/18.2.2019 gegen Mitternacht brennt auf einmal die unterste Wohnung und das Auto vor dem Balkon &#8211; alle m\u00fcssen aus dem Haus &#8211; Treppenhaus voller Qualm , Feuerwehr l\u00f6scht und wirft &hellip; <a href=\"http:\/\/www.sabinewenig.de\/myblog\/?p=53743\">Weiterlesen <span class=\"meta-nav\">&rarr;<\/span><\/a><\/p>\n","protected":false},"author":1,"featured_media":0,"comment_status":"closed","ping_status":"closed","sticky":false,"template":"","format":"standard","meta":{"ngg_post_thumbnail":0,"footnotes":""},"categories":[1,294,108,145,96],"tags":[224,259,12],"class_list":["post-53743","post","type-post","status-publish","format-standard","hentry","category-allgemein","category-auslaender","category-leben","category-magdeburg","category-mitteilungen","tag-leben","tag-magdeburg","tag-mitteilung"],"_links":{"self":[{"href":"http:\/\/www.sabinewenig.de\/myblog\/index.php?rest_route=\/wp\/v2\/posts\/53743","targetHints":{"allow":["GET"]}}],"collection":[{"href":"http:\/\/www.sabinewenig.de\/myblog\/index.php?rest_route=\/wp\/v2\/posts"}],"about":[{"href":"http:\/\/www.sabinewenig.de\/myblog\/index.php?rest_route=\/wp\/v2\/types\/post"}],"author":[{"embeddable":true,"href":"http:\/\/www.sabinewenig.de\/myblog\/index.php?rest_route=\/wp\/v2\/users\/1"}],"replies":[{"embeddable":true,"href":"http:\/\/www.sabinewenig.de\/myblog\/index.php?rest_route=%2Fwp%2Fv2%2Fcomments&post=53743"}],"version-history":[{"count":0,"href":"http:\/\/www.sabinewenig.de\/myblog\/index.php?rest_route=\/wp\/v2\/posts\/53743\/revisions"}],"wp:attachment":[{"href":"http:\/\/www.sabinewenig.de\/myblog\/index.php?rest_route=%2Fwp%2Fv2%2Fmedia&parent=53743"}],"wp:term":[{"taxonomy":"category","embeddable":true,"href":"http:\/\/www.sabinewenig.de\/myblog\/index.php?rest_route=%2Fwp%2Fv2%2Fcategories&post=53743"},{"taxonomy":"post_tag","embeddable":true,"href":"http:\/\/www.sabinewenig.de\/myblog\/index.php?rest_route=%2Fwp%2Fv2%2Ftags&post=53743"}],"curies":[{"name":"wp","href":"https:\/\/api.w.org\/{rel}","templated":true}]}}