{"id":51701,"date":"2018-10-15T10:35:19","date_gmt":"2018-10-15T09:35:19","guid":{"rendered":"http:\/\/www.sabinewenig.de\/myblog\/?p=51701"},"modified":"2018-10-15T10:36:55","modified_gmt":"2018-10-15T09:36:55","slug":"15-10-tag-des-haendewaschens","status":"publish","type":"post","link":"http:\/\/www.sabinewenig.de\/myblog\/?p=51701","title":{"rendered":"15.10. Tag des H\u00e4ndewaschens"},"content":{"rendered":"<p>15.10. Tag des H\u00e4ndewaschens :<br \/>\n<a href=\"https:\/\/www.google.de\/search?q=15.10.+Tag+des+H%C3%A4ndewaschens&#038;rlz=1C1CHBH_deDE799DE799&#038;oq=15.10.+Tag+des+H%C3%A4ndewaschens&#038;aqs=chrome..69i57.1216j0j8&#038;sourceid=chrome&#038;ie=UTF-8\" rel=\"noopener\" target=\"_blank\">https:\/\/www.google.de\/search?q=15.10.+Tag+des+H%C3%A4ndewaschens&#038;rlz=1C1CHBH_deDE799DE799&#038;oq=15.10.+Tag+des+H%C3%A4ndewaschens&#038;aqs=chrome..69i57.1216j0j8&#038;sourceid=chrome&#038;ie=UTF-8<\/a><\/p>\n<p>gerade gestern habe ich bei Mario Barth wieder einen sch\u00f6nen Bericht \u00fcber Keime geschaut &#8211; ist doch echt ekelig !<br \/>\nIch erlebe auch immer wieder, da\u00df sich andere keine H\u00e4nde waschen nach dem Klogang.<br \/>\nKann bei mir nicht vorkommen &#8211; ich renne st\u00e4ndig zum Wasserhahn.<\/p>\n","protected":false},"excerpt":{"rendered":"<p>15.10. Tag des H\u00e4ndewaschens : https:\/\/www.google.de\/search?q=15.10.+Tag+des+H%C3%A4ndewaschens&#038;rlz=1C1CHBH_deDE799DE799&#038;oq=15.10.+Tag+des+H%C3%A4ndewaschens&#038;aqs=chrome..69i57.1216j0j8&#038;sourceid=chrome&#038;ie=UTF-8 gerade gestern habe ich bei Mario Barth wieder einen sch\u00f6nen Bericht \u00fcber Keime geschaut &#8211; ist doch echt ekelig ! Ich erlebe auch immer wieder, da\u00df sich andere keine H\u00e4nde waschen nach dem Klogang. &hellip; <a href=\"http:\/\/www.sabinewenig.de\/myblog\/?p=51701\">Weiterlesen <span class=\"meta-nav\">&rarr;<\/span><\/a><\/p>\n","protected":false},"author":1,"featured_media":0,"comment_status":"closed","ping_status":"closed","sticky":false,"template":"","format":"standard","meta":{"ngg_post_thumbnail":0,"footnotes":""},"categories":[1,64,98,108],"tags":[190,215,224,12],"class_list":["post-51701","post","type-post","status-publish","format-standard","hentry","category-allgemein","category-feiertage","category-gesundheit","category-leben","tag-feiertage","tag-gesundheit","tag-leben","tag-mitteilung"],"_links":{"self":[{"href":"http:\/\/www.sabinewenig.de\/myblog\/index.php?rest_route=\/wp\/v2\/posts\/51701","targetHints":{"allow":["GET"]}}],"collection":[{"href":"http:\/\/www.sabinewenig.de\/myblog\/index.php?rest_route=\/wp\/v2\/posts"}],"about":[{"href":"http:\/\/www.sabinewenig.de\/myblog\/index.php?rest_route=\/wp\/v2\/types\/post"}],"author":[{"embeddable":true,"href":"http:\/\/www.sabinewenig.de\/myblog\/index.php?rest_route=\/wp\/v2\/users\/1"}],"replies":[{"embeddable":true,"href":"http:\/\/www.sabinewenig.de\/myblog\/index.php?rest_route=%2Fwp%2Fv2%2Fcomments&post=51701"}],"version-history":[{"count":0,"href":"http:\/\/www.sabinewenig.de\/myblog\/index.php?rest_route=\/wp\/v2\/posts\/51701\/revisions"}],"wp:attachment":[{"href":"http:\/\/www.sabinewenig.de\/myblog\/index.php?rest_route=%2Fwp%2Fv2%2Fmedia&parent=51701"}],"wp:term":[{"taxonomy":"category","embeddable":true,"href":"http:\/\/www.sabinewenig.de\/myblog\/index.php?rest_route=%2Fwp%2Fv2%2Fcategories&post=51701"},{"taxonomy":"post_tag","embeddable":true,"href":"http:\/\/www.sabinewenig.de\/myblog\/index.php?rest_route=%2Fwp%2Fv2%2Ftags&post=51701"}],"curies":[{"name":"wp","href":"https:\/\/api.w.org\/{rel}","templated":true}]}}