{"id":5137,"date":"2013-01-01T19:46:06","date_gmt":"2013-01-01T18:46:06","guid":{"rendered":"http:\/\/www.sabinewenig.de\/myblog\/?p=5137"},"modified":"2021-03-06T23:28:52","modified_gmt":"2021-03-06T22:28:52","slug":"anderungen-2013","status":"publish","type":"post","link":"http:\/\/www.sabinewenig.de\/myblog\/?p=5137","title":{"rendered":"&#x1f470; \u00c4nderungen 2013"},"content":{"rendered":"<p style=\"text-align: center;\">\u2730\u2730\u2730\u2730\u2730\u2730\u2730\u2730\u2730\u2730\u2730\u2730\u2730\u2730\u2730\u2730\u2730\u2730\u2730\u2730\u2730\u2730\u2730\u2730\u2730\u2730\u2730\u2730\u2730\u2730\u2730\u2730\u2730\u2730\u2730\u2730\u2730\u2730\u2730\u2730\u2730\u2730\u2730\u2730\u2730\u2730\u2730\u2730\u2730<br \/>\n\u2777\u24ff\u2776\u2778 : \u2777\u24ff\u2776\u2778 : \u2777\u24ff\u2776\u2778 : \u2777\u24ff\u2776\u2778 : \u2777\u24ff\u2776\u2778 : \u2777\u24ff\u2776\u2778<br \/>\n\u2730\u2730\u2730\u2730\u2730\u2730\u2730\u2730\u2730\u2730\u2730\u2730\u2730\u2730\u2730\u2730\u2730\u2730\u2730\u2730\u2730\u2730\u2730\u2730\u2730\u2730\u2730\u2730\u2730\u2730\u2730\u2730\u2730\u2730\u2730\u2730\u2730\u2730\u2730\u2730\u2730\u2730\u2730\u2730\u2730\u2730\u2730\u2730\u2730<\/p>\n<p>http:\/\/www.gmx.net\/themen\/finanzen\/bildergalerien\/bilder\/88a3528-aendert-2013 :<br \/>\n<a href=\"http:\/\/www.sabinewenig.de\/myblog\/wp-content\/uploads\/2012\/13\/porto.jpg\" target=\"_blank\" rel=\"noopener\"><img loading=\"lazy\" decoding=\"async\" class=\"alignnone size-full wp-image-5140\" alt=\"porto_kl\" src=\"http:\/\/www.sabinewenig.de\/myblog\/wp-content\/uploads\/2012\/13\/porto_kl.jpg\" width=\"256\" height=\"269\" \/><\/a><\/p>\n<p>http:\/\/www.gmx.net\/themen\/auto\/verkehr-service\/86a34r2-verfallsdatum-lappen-fuehrerscheinregeln :<br \/>\n<a href=\"http:\/\/www.sabinewenig.de\/myblog\/wp-content\/uploads\/2012\/13\/fuehrerschein.jpg\" target=\"_blank\" rel=\"noopener\"><img loading=\"lazy\" decoding=\"async\" class=\"alignnone size-full wp-image-5156\" alt=\"fuehrerschein_kl\" src=\"http:\/\/www.sabinewenig.de\/myblog\/wp-content\/uploads\/2012\/13\/fuehrerschein_kl.jpg\" width=\"256\" height=\"581\" \/><\/a><\/p>\n<p>\u00c4nderung Steuern 28.12.2012 Volksstimme :<br \/>\n<a href=\"http:\/\/www.sabinewenig.de\/myblog\/wp-content\/uploads\/2012\/13\/aendern_steuern_28_12_2012_volksstimme.jpg\" target=\"_blank\" rel=\"noopener\"><img loading=\"lazy\" decoding=\"async\" class=\"alignnone size-full wp-image-5227\" alt=\"aendern_steuern_28_12_2012_volksstimme_kl\" src=\"http:\/\/www.sabinewenig.de\/myblog\/wp-content\/uploads\/2012\/13\/aendern_steuern_28_12_2012_volksstimme_kl.jpg\" width=\"695\" height=\"781\" \/><\/a><\/p>\n<p>\u00c4nderung GEZ 28.12.2012 Volksstimme :<br \/>\n<a href=\"http:\/\/www.sabinewenig.de\/myblog\/wp-content\/uploads\/2012\/13\/aenderung_gez_28_12_2012_volksstimme.jpg\" target=\"_blank\" rel=\"noopener\"><img loading=\"lazy\" decoding=\"async\" class=\"alignnone size-full wp-image-5230\" alt=\"aenderung_gez_28_12_2012_volksstimme_kl\" src=\"http:\/\/www.sabinewenig.de\/myblog\/wp-content\/uploads\/2012\/13\/aenderung_gez_28_12_2012_volksstimme_kl.jpg\" width=\"422\" height=\"528\" \/><\/a><\/p>\n<p>\u00c4nderung Minijob 28.12.2012 Volksstimme :<br \/>\n<a href=\"http:\/\/www.sabinewenig.de\/myblog\/wp-content\/uploads\/2012\/13\/aenderung_minijob_28_12_2012_volksstimme.jpg\" target=\"_blank\" rel=\"noopener\"><img loading=\"lazy\" decoding=\"async\" class=\"alignnone size-full wp-image-5233\" alt=\"aenderung_minijob_28_12_2012_volksstimme_kl\" src=\"http:\/\/www.sabinewenig.de\/myblog\/wp-content\/uploads\/2012\/13\/aenderung_minijob_28_12_2012_volksstimme_kl.jpg\" width=\"276\" height=\"521\" \/><\/a><\/p>\n<p>\u00c4nderungen Auto 2.1.2013 Volksstimme :<br \/>\n<a href=\"http:\/\/www.sabinewenig.de\/myblog\/wp-content\/uploads\/2012\/13\/aenderungen_2_1_2013_volksstimme.jpg\" target=\"_blank\" rel=\"noopener\"><img loading=\"lazy\" decoding=\"async\" class=\"alignnone size-full wp-image-5236\" alt=\"aenderungen_2_1_2013_volksstimme_kl\" src=\"http:\/\/www.sabinewenig.de\/myblog\/wp-content\/uploads\/2012\/13\/aenderungen_2_1_2013_volksstimme_kl.jpg\" width=\"695\" height=\"873\" \/><\/a><\/p>\n<p>2.1.2013 Generalanzeiger :<br \/>\n<a href=\"http:\/\/www.sabinewenig.de\/myblog\/wp-content\/uploads\/2012\/13\/was_2_1_2013_generalanzeiger.jpg\" target=\"_blank\" rel=\"noopener\"><img loading=\"lazy\" decoding=\"async\" src=\"http:\/\/www.sabinewenig.de\/myblog\/wp-content\/uploads\/2012\/13\/was_2_1_2013_generalanzeiger_kl.jpg\" alt=\"was_2_1_2013_generalanzeiger_kl\" width=\"699\" height=\"705\" class=\"alignnone size-full wp-image-5344\" \/><\/a><\/p>\n<p>27.12.2012 Volksstimme :<br \/>\n<a href=\"http:\/\/www.sabinewenig.de\/myblog\/wp-content\/uploads\/2012\/13\/was_27_12_2012_volksstimme.jpg\" target=\"_blank\" rel=\"noopener\"><img loading=\"lazy\" decoding=\"async\" src=\"http:\/\/www.sabinewenig.de\/myblog\/wp-content\/uploads\/2012\/13\/was_27_12_2012_volksstimme_kl.jpg\" alt=\"was_27_12_2012_volksstimme_kl\" width=\"693\" height=\"856\" class=\"alignnone size-full wp-image-5346\" \/><\/a><\/p>\n<p><a href=\"http:\/\/www.hansemerkur.de\/service\/newsletter\/0113\/aenderungen_2013?adnr=\" title=\"http:\/\/www.hansemerkur.de\/service\/newsletter\/0113\/aenderungen_2013?adnr=\" target=\"_blank\" rel=\"noopener\">http:\/\/www.hansemerkur.de\/service\/newsletter\/0113\/aenderungen_2013?adnr= :<\/a><br \/>\n<a href=\"http:\/\/www.sabinewenig.de\/myblog\/wp-content\/uploads\/2012\/13\/hanse.jpg\" target=\"_blank\" rel=\"noopener\"><img loading=\"lazy\" decoding=\"async\" src=\"http:\/\/www.sabinewenig.de\/myblog\/wp-content\/uploads\/2012\/13\/hanse_kl.jpg\" alt=\"hanse_kl\" width=\"256\" height=\"283\" class=\"alignnone size-full wp-image-5572\" \/><\/a><\/p>\n<p>12.1.2013 Elbekurier :<br \/>\n<img loading=\"lazy\" decoding=\"async\" src=\"http:\/\/www.sabinewenig.de\/myblog\/wp-content\/uploads\/2012\/13\/fuehrerschein_12_1_2013_elbekurier_kl.jpg\" alt=\"fuehrerschein_12_1_2013_elbekurier_kl\" width=\"561\" height=\"605\" class=\"alignnone size-full wp-image-5688\" \/><\/p>\n<p>12.1.2013 Elbekurier :<br \/>\n<img loading=\"lazy\" decoding=\"async\" src=\"http:\/\/www.sabinewenig.de\/myblog\/wp-content\/uploads\/2012\/13\/praxisgebuehr_12_1_2013_elbekurier_kl.jpg\" alt=\"praxisgebuehr_12_1_2013_elbekurier_kl\" width=\"413\" height=\"155\" class=\"alignnone size-full wp-image-5691\" \/><\/p>\n<p>&#x1f470; &#x1f470; &#x1f470; &#x1f470; &#x1f470; &#x1f470; &#x1f470; &#x1f470; &#x1f470; &#x1f470; &#x1f470; &#x1f470; &#x1f470; &#x1f470; &#x1f470; &#x1f470; &#x1f470; &#x1f470; &#x1f470; &#x1f470; &#x1f470; &#x1f470; &#x1f470; &#x1f470; &#x1f470; &#x1f470; <\/p>\n","protected":false},"excerpt":{"rendered":"<p>\u2730\u2730\u2730\u2730\u2730\u2730\u2730\u2730\u2730\u2730\u2730\u2730\u2730\u2730\u2730\u2730\u2730\u2730\u2730\u2730\u2730\u2730\u2730\u2730\u2730\u2730\u2730\u2730\u2730\u2730\u2730\u2730\u2730\u2730\u2730\u2730\u2730\u2730\u2730\u2730\u2730\u2730\u2730\u2730\u2730\u2730\u2730\u2730\u2730 \u2777\u24ff\u2776\u2778 : \u2777\u24ff\u2776\u2778 : \u2777\u24ff\u2776\u2778 : \u2777\u24ff\u2776\u2778 : \u2777\u24ff\u2776\u2778 : \u2777\u24ff\u2776\u2778 \u2730\u2730\u2730\u2730\u2730\u2730\u2730\u2730\u2730\u2730\u2730\u2730\u2730\u2730\u2730\u2730\u2730\u2730\u2730\u2730\u2730\u2730\u2730\u2730\u2730\u2730\u2730\u2730\u2730\u2730\u2730\u2730\u2730\u2730\u2730\u2730\u2730\u2730\u2730\u2730\u2730\u2730\u2730\u2730\u2730\u2730\u2730\u2730\u2730 http:\/\/www.gmx.net\/themen\/finanzen\/bildergalerien\/bilder\/88a3528-aendert-2013 : http:\/\/www.gmx.net\/themen\/auto\/verkehr-service\/86a34r2-verfallsdatum-lappen-fuehrerscheinregeln : \u00c4nderung Steuern 28.12.2012 Volksstimme : \u00c4nderung GEZ 28.12.2012 Volksstimme : \u00c4nderung Minijob 28.12.2012 Volksstimme : \u00c4nderungen Auto 2.1.2013 Volksstimme : 2.1.2013 Generalanzeiger : &hellip; <a href=\"http:\/\/www.sabinewenig.de\/myblog\/?p=5137\">Weiterlesen <span class=\"meta-nav\">&rarr;<\/span><\/a><\/p>\n","protected":false},"author":1,"featured_media":0,"comment_status":"closed","ping_status":"closed","sticky":false,"template":"","format":"standard","meta":{"ngg_post_thumbnail":0,"footnotes":""},"categories":[1,108,43,96,50],"tags":[224,12,186],"class_list":["post-5137","post","type-post","status-publish","format-standard","hentry","category-allgemein","category-leben","category-links","category-mitteilungen","category-tips","tag-leben","tag-mitteilung","tag-tips"],"_links":{"self":[{"href":"http:\/\/www.sabinewenig.de\/myblog\/index.php?rest_route=\/wp\/v2\/posts\/5137","targetHints":{"allow":["GET"]}}],"collection":[{"href":"http:\/\/www.sabinewenig.de\/myblog\/index.php?rest_route=\/wp\/v2\/posts"}],"about":[{"href":"http:\/\/www.sabinewenig.de\/myblog\/index.php?rest_route=\/wp\/v2\/types\/post"}],"author":[{"embeddable":true,"href":"http:\/\/www.sabinewenig.de\/myblog\/index.php?rest_route=\/wp\/v2\/users\/1"}],"replies":[{"embeddable":true,"href":"http:\/\/www.sabinewenig.de\/myblog\/index.php?rest_route=%2Fwp%2Fv2%2Fcomments&post=5137"}],"version-history":[{"count":0,"href":"http:\/\/www.sabinewenig.de\/myblog\/index.php?rest_route=\/wp\/v2\/posts\/5137\/revisions"}],"wp:attachment":[{"href":"http:\/\/www.sabinewenig.de\/myblog\/index.php?rest_route=%2Fwp%2Fv2%2Fmedia&parent=5137"}],"wp:term":[{"taxonomy":"category","embeddable":true,"href":"http:\/\/www.sabinewenig.de\/myblog\/index.php?rest_route=%2Fwp%2Fv2%2Fcategories&post=5137"},{"taxonomy":"post_tag","embeddable":true,"href":"http:\/\/www.sabinewenig.de\/myblog\/index.php?rest_route=%2Fwp%2Fv2%2Ftags&post=5137"}],"curies":[{"name":"wp","href":"https:\/\/api.w.org\/{rel}","templated":true}]}}