{"id":4368,"date":"2012-12-14T09:49:00","date_gmt":"2012-12-14T08:49:00","guid":{"rendered":"http:\/\/www.sabinewenig.de\/myblog\/?p=4368"},"modified":"2026-01-23T11:48:45","modified_gmt":"2026-01-23T10:48:45","slug":"kunst-aus-rauch","status":"publish","type":"post","link":"http:\/\/www.sabinewenig.de\/myblog\/?p=4368","title":{"rendered":"Kunst aus Rauch o. Licht <br>u.a. Skurilit\u00e4ten"},"content":{"rendered":"<p>\u0b90\u01b8\u0335\u0321\u04dc\u0335\u0328\u0304\u01b7\u0b90 \u0b90\u01b8\u0335\u0321\u04dc\u0335\u0328\u0304\u01b7\u0b90 \u0b90\u01b8\u0335\u0321\u04dc\u0335\u0328\u0304\u01b7\u0b90 \u0b90\u01b8\u0335\u0321\u04dc\u0335\u0328\u0304\u01b7\u0b90 \u0b90\u01b8\u0335\u0321\u04dc\u0335\u0328\u0304\u01b7\u0b90 \u0b90\u01b8\u0335\u0321\u04dc\u0335\u0328\u0304\u01b7\u0b90 \u0b90\u01b8\u0335\u0321\u04dc\u0335\u0328\u0304\u01b7\u0b90 \u0b90\u01b8\u0335\u0321\u04dc\u0335\u0328\u0304\u01b7\u0b90 \u0b90\u01b8\u0335\u0321\u04dc\u0335\u0328\u0304\u01b7\u0b90<\/p>\n<p>http:\/\/www.gmx.net\/themen\/lifestyle\/bildergalerien\/bilder\/16a1460-rauch-kunst :<br \/>\n<a href=\"http:\/\/www.sabinewenig.de\/myblog\/wp-content\/uploads\/2012\/12\/rauch.jpg\" target=\"_blank\" rel=\"noopener noreferrer\"><img loading=\"lazy\" decoding=\"async\" class=\"alignnone size-full wp-image-4371\" title=\"rauch-klein\" src=\"http:\/\/www.sabinewenig.de\/myblog\/wp-content\/uploads\/2012\/12\/rauch-klein.jpg\" alt=\"\" width=\"256\" height=\"299\"><\/a><\/p>\n<p>\u0b90\u01b8\u0335\u0321\u04dc\u0335\u0328\u0304\u01b7\u0b90 \u0b90\u01b8\u0335\u0321\u04dc\u0335\u0328\u0304\u01b7\u0b90 \u0b90\u01b8\u0335\u0321\u04dc\u0335\u0328\u0304\u01b7\u0b90 \u0b90\u01b8\u0335\u0321\u04dc\u0335\u0328\u0304\u01b7\u0b90 \u0b90\u01b8\u0335\u0321\u04dc\u0335\u0328\u0304\u01b7\u0b90 \u0b90\u01b8\u0335\u0321\u04dc\u0335\u0328\u0304\u01b7\u0b90 \u0b90\u01b8\u0335\u0321\u04dc\u0335\u0328\u0304\u01b7\u0b90 \u0b90\u01b8\u0335\u0321\u04dc\u0335\u0328\u0304\u01b7\u0b90 \u0b90\u01b8\u0335\u0321\u04dc\u0335\u0328\u0304\u01b7\u0b90<\/p>\n<p>http:\/\/www.gmx.net\/themen\/finanzen\/wirtschaft\/00ahsm8-fiat-nackten-frauen<br \/>\n<a href=\"http:\/\/www.sabinewenig.de\/myblog\/wp-content\/uploads\/2012\/12\/frauen.jpg\" target=\"_blank\" rel=\"noopener noreferrer\"><img loading=\"lazy\" decoding=\"async\" class=\"alignnone size-full wp-image-9914\" src=\"http:\/\/www.sabinewenig.de\/myblog\/wp-content\/uploads\/2012\/12\/frauen_kl.jpg\" alt=\"frauen_kl\" width=\"256\" height=\"209\"><\/a><\/p>\n<p>\u0b90\u01b8\u0335\u0321\u04dc\u0335\u0328\u0304\u01b7\u0b90 \u0b90\u01b8\u0335\u0321\u04dc\u0335\u0328\u0304\u01b7\u0b90 \u0b90\u01b8\u0335\u0321\u04dc\u0335\u0328\u0304\u01b7\u0b90 \u0b90\u01b8\u0335\u0321\u04dc\u0335\u0328\u0304\u01b7\u0b90 \u0b90\u01b8\u0335\u0321\u04dc\u0335\u0328\u0304\u01b7\u0b90 \u0b90\u01b8\u0335\u0321\u04dc\u0335\u0328\u0304\u01b7\u0b90 \u0b90\u01b8\u0335\u0321\u04dc\u0335\u0328\u0304\u01b7\u0b90 \u0b90\u01b8\u0335\u0321\u04dc\u0335\u0328\u0304\u01b7\u0b90 \u0b90\u01b8\u0335\u0321\u04dc\u0335\u0328\u0304\u01b7\u0b90<\/p>\n<p>http:\/\/www.rp-online.de\/kultur\/buch\/ipad-toaster-fahrrad-in-einzelteilen-1.3641787<\/p>\n<p>http:\/\/www.rp-online.de\/kultur\/kunst\/autofriedhoefe-vergessen-im-wald-1.3546477<\/p>\n<p>http:\/\/www.rp-online.de\/kultur\/buch\/bausuenden-wohin-man-schaut-1.3638481<\/p>\n<p>http:\/\/www.rp-online.de\/kultur\/buch\/das-sind-die-hippsten-huetten-der-welt-1.3472971<\/p>\n<p>http:\/\/www.gmx.net\/themen\/lifestyle\/bildergalerien\/bilder\/56at1d8-au-backe-baerte-bart-weltmeisterschaft#.focus.Au%20Backe,%20was%20f%C3%BCr%20B%C3%A4rte!.467.1014<\/p>\n<p>&#8212;&#8212;&#8212;&#8212;&#8212;&#8212;&#8212;&#8212;&#8212;&#8212;&#8212;&#8212;&#8212;&#8212;&#8212;&#8212;&#8212;&#8212;&#8212;&#8212;&#8212;-<\/p>\n<p>Festival of Lights :<br \/>\n&#8211; http:\/\/festival-of-lights.de\/<br \/>\n&#8211; http:\/\/www.freenet.de\/pictureshow\/nachrichten\/bilder-des-tages_4570086_324006_0_0.html<br \/>\n&#8211; <a title=\"http:\/\/www.berlin.de\/events\/2097286-2229501-festival-of-lights.html\" href=\"http:\/\/www.berlin.de\/events\/2097286-2229501-festival-of-lights.html\" target=\"_blank\" rel=\"noopener noreferrer\">http:\/\/www.berlin.de\/events\/2097286-2229501-festival-of-lights.html<\/a><br \/>\n&#8211; http:\/\/www.visitberlin.de\/de\/event\/19-10-2014\/10-festival-of-lights-2014<br \/>\n&#8211; <a title=\"https:\/\/de-de.facebook.com\/FestivalOfLights\" href=\"https:\/\/de-de.facebook.com\/FestivalOfLights\" target=\"_blank\" rel=\"noopener noreferrer\">https:\/\/de-de.facebook.com\/FestivalOfLights<\/a><br \/>\n&#8211; http:\/\/www.berlin-city-tour.de\/deu\/bct\/festival-of-lights.html<br \/>\n&#8211; <a title=\"http:\/\/de.wikipedia.org\/wiki\/Festival_of_Lights\" href=\"http:\/\/de.wikipedia.org\/wiki\/Festival_of_Lights\" target=\"_blank\" rel=\"noopener noreferrer\">http:\/\/de.wikipedia.org\/wiki\/Festival_of_Lights<\/a><br \/>\n&#8211; <a title=\"http:\/\/www.tagesspiegel.de\/themen\/festival-of-lights\/\" href=\"http:\/\/www.tagesspiegel.de\/themen\/festival-of-lights\/\" target=\"_blank\" rel=\"noopener noreferrer\">http:\/\/www.tagesspiegel.de\/themen\/festival-of-lights\/<\/a><br \/>\n&#8211; http:\/\/www.sternundkreis.de\/de\/Top-Tipp\/FESTIVAL-OF-LIGHTS\/K700.htm<br \/>\n&#8211; http:\/\/bex.de\/specials\/lightseeing-touren.html<br \/>\n&#8211; <a title=\"https:\/\/www.google.de\/search?q=Festival+of+Lights&amp;biw=1280&amp;bih=709&amp;source=lnms&amp;tbm=isch&amp;sa=X&amp;ei=_TE5VNHZHIfOygP21YKYAQ&amp;ved=0CAYQ_AUoAQ\" href=\"https:\/\/www.google.de\/search?q=Festival+of+Lights&amp;biw=1280&amp;bih=709&amp;source=lnms&amp;tbm=isch&amp;sa=X&amp;ei=_TE5VNHZHIfOygP21YKYAQ&amp;ved=0CAYQ_AUoAQ\" target=\"_blank\" rel=\"noopener noreferrer\">https:\/\/www.google.de\/search?q=Festival+of+Lights&amp;biw=1280&amp;bih=709&amp;source=lnms&amp;tbm=isch&amp;sa=X&amp;ei=_TE5VNHZHIfOygP21YKYAQ&amp;ved=0CAYQ_AUoAQ<\/a><\/p>\n<p>Festival des Lichts 2018:<br \/>\n<a href=\"https:\/\/www.google.de\/search?q=Festival+des+Lichts&amp;rlz=1C1CHBH_deDE799DE799&amp;oq=Festival+des+Lichts&amp;aqs=chrome..69i57j0l5.6008j1j8&amp;sourceid=chrome&amp;ie=UTF-8\" target=\"_blank\" rel=\"noopener noreferrer\">https:\/\/www.google.de\/search?q=Festival+des+Lichts&amp;rlz=1C1CHBH_deDE799DE799&amp;oq=Festival+des+Lichts&amp;aqs=chrome..69i57j0l5.6008j1j8&amp;sourceid=chrome&amp;ie=UTF-8<\/a><\/p>\n<p>LICHT-SPEKTAKEL: PILLNITZER SCHLOSSPARK WIRD ZUM CHRISTMAS GARDEN<br \/>\nhttps:\/\/www.tag24.de\/nachrichten\/dresden-lichterglanz-lustgarten-pillnitzer-schlosspark-wird-zum-christmas-garden-freikarten-gewinnen-867149<\/p>\n<p>Magische Lichterwelten 2019 in Halle<br \/>\n&#8211; <a href=\"https:\/\/zoo-halle.de\/veranstaltungen\/magische-lichterwelten-2019\/\" target=\"_blank\" rel=\"noopener noreferrer\">https:\/\/zoo-halle.de\/veranstaltungen\/magische-lichterwelten-2019\/<\/a><br \/>\n&#8211; https:\/\/www.mdr.de\/sachsen-anhalt\/halle\/halle\/zwischenbilanz-magische-lichterwelten-zoo-halle-100.html<br \/>\n&#8211; https:\/\/www.mdr.de\/sachsen-anhalt\/halle\/halle\/bergzoo-magische-lichterwelten-aufbau-100.html<\/p>\n<p>Berliner Festival of Lights 2019<br \/>\n&#8211; https:\/\/www.click-licht.de\/festival-of-lights-2019?hc=snb&amp;gclid=EAIaIQobChMI86bslf7I5QIV1eN3Ch1Q5wd0EAAYASAAEgJr4PD_BwE&amp;hc_fcv=XbwhUBBFQ7xd465Q~LPkVIDU20xkefk1-zzzzzzzz~LPkVIAY20vAoU-4Hzzzzzzzz<br \/>\n&#8211; https:\/\/www.berlin.de\/events\/2097286-2229501-festival-of-lights.html<\/p>\n<p>Vom 25. November 2019 bis zum 2. Februar 2020: Magdeburgs funkelnde Premiere : Magdeburg hat neue Weihnachtsbeleuchtung !!!! Bravo neue Lichterwelten<br \/>\n&#8211; <a href=\"https:\/\/www.magdeburger-news.de\/?form=symbiotic&amp;symbiotic=1&amp;tag=Magdeburg+marketing&amp;this=frame&amp;c=20191115150152&amp;referer=facebook&amp;fbclid=IwAR2gCgdEhpyu2-fJ2rQO0TDF9FIKIH3B-MDAL_WxA92RANMR-bzw04x-1nA\" target=\"_blank\" rel=\"noopener noreferrer\">https:\/\/www.magdeburger-news.de\/?form=symbiotic&amp;symbiotic=1&amp;tag=Magdeburg+marketing<br \/>\n&amp;this=frame&amp;c=20191115150152&amp;referer=facebook&amp;fbclid=IwAR2gCgdEhpyu2-fJ2rQO0TDF9FIKIH3B-MDAL_WxA92RANMR-bzw04x-1nA<\/a><br \/>\n&#8211; https:\/\/www.gmx.net\/magazine\/regio\/sachsen-anhalt\/magdeburger-lichterwelt-34211690#.homepage.pointOfViewTeaser_treatSimple.Magdeburg.0<br \/>\n&#8211; https:\/\/www.mdr.de\/sachsen-anhalt\/magdeburg\/magdeburg\/lichterwelt-weihnachtsmarkt-und-winterbeleuchtung-magdeburg-100.html<br \/>\n&#8211; https:\/\/www.magdeburg.de\/index.php?ModID=7&amp;FID=37.20526.1&amp;object=tx%7C37.20526.1<br \/>\n&#8211; https:\/\/www.volksstimme.de\/lokal\/magdeburg\/beleuchtung-lichterwelt-blitzt-in-magdeburg-auf<br \/>\n&#8211; https:\/\/www.volksstimme.de\/lokal\/magdeburg\/investition-magdeburg-soll-schoener-leuchten<br \/>\n&#8211; <a href=\"https:\/\/www.dates-md.de\/stadtleben\/weihnachtsmarkt-magdeburg-neue-beleuchtung\/\" target=\"_blank\" rel=\"noopener noreferrer\">https:\/\/www.dates-md.de\/stadtleben\/weihnachtsmarkt-magdeburg-neue-beleuchtung\/<\/a><\/p>\n<p><img loading=\"lazy\" decoding=\"async\" class=\"alignnone size-full wp-image-58198\" src=\"http:\/\/www.sabinewenig.de\/myblog\/wp-content\/uploads\/2012\/12\/20191115_072340_kl_kl-rotated-e1575379368635.jpg\" alt=\"\" width=\"256\" height=\"61\"> <img loading=\"lazy\" decoding=\"async\" class=\"alignnone size-full wp-image-58197\" src=\"http:\/\/www.sabinewenig.de\/myblog\/wp-content\/uploads\/2012\/12\/20191115_072340_kl-rotated-e1575379358800.jpg\" alt=\"\" width=\"256\" height=\"192\"><\/p>\n<p><img loading=\"lazy\" decoding=\"async\" class=\"alignnone size-full wp-image-58289\" src=\"http:\/\/www.sabinewenig.de\/myblog\/wp-content\/uploads\/2019\/11\/IMG_6657_kl.jpg\" alt=\"\" width=\"256\" height=\"192\">&nbsp;<img loading=\"lazy\" decoding=\"async\" class=\"alignnone size-full wp-image-58291\" style=\"font-size: 12px;\" src=\"http:\/\/www.sabinewenig.de\/myblog\/wp-content\/uploads\/2019\/11\/IMG_6745_kl-rotated-e1576160490167.jpg\" alt=\"\" width=\"192\" height=\"256\"><img loading=\"lazy\" decoding=\"async\" class=\"alignnone size-full wp-image-58290\" src=\"http:\/\/www.sabinewenig.de\/myblog\/wp-content\/uploads\/2019\/11\/IMG_6744_kl.jpg\" alt=\"\" width=\"256\" height=\"192\"> &nbsp;<img loading=\"lazy\" decoding=\"async\" class=\"alignnone size-full wp-image-58292\" src=\"http:\/\/www.sabinewenig.de\/myblog\/wp-content\/uploads\/2019\/11\/IMG_6746_kl.jpg\" alt=\"\" width=\"256\" height=\"192\"> <img loading=\"lazy\" decoding=\"async\" class=\"alignnone size-full wp-image-58293\" src=\"http:\/\/www.sabinewenig.de\/myblog\/wp-content\/uploads\/2019\/11\/IMG_6747_kl.jpg\" alt=\"\" width=\"256\" height=\"192\"> <img loading=\"lazy\" decoding=\"async\" class=\"alignnone size-full wp-image-58294\" src=\"http:\/\/www.sabinewenig.de\/myblog\/wp-content\/uploads\/2019\/11\/IMG_6748_kl.jpg\" alt=\"\" width=\"256\" height=\"192\"> <img loading=\"lazy\" decoding=\"async\" class=\"alignnone size-full wp-image-58295\" src=\"http:\/\/www.sabinewenig.de\/myblog\/wp-content\/uploads\/2019\/11\/IMG_6752_kl.jpg\" alt=\"\" width=\"256\" height=\"192\"> <img loading=\"lazy\" decoding=\"async\" class=\"alignnone size-full wp-image-58296\" src=\"http:\/\/www.sabinewenig.de\/myblog\/wp-content\/uploads\/2019\/11\/IMG_6753_kl.jpg\" alt=\"\" width=\"256\" height=\"192\"> <img loading=\"lazy\" decoding=\"async\" class=\"alignnone size-full wp-image-58297\" src=\"http:\/\/www.sabinewenig.de\/myblog\/wp-content\/uploads\/2019\/11\/IMG_6754_kl.jpg\" alt=\"\" width=\"256\" height=\"192\"><br \/>\n<img loading=\"lazy\" decoding=\"async\" class=\"alignnone size-full wp-image-58298\" src=\"http:\/\/www.sabinewenig.de\/myblog\/wp-content\/uploads\/2019\/11\/IMG_6755_kl.jpg\" alt=\"\" width=\"256\" height=\"192\"> <img loading=\"lazy\" decoding=\"async\" class=\"alignnone size-full wp-image-58299\" src=\"http:\/\/www.sabinewenig.de\/myblog\/wp-content\/uploads\/2019\/11\/IMG_6756_kl.jpg\" alt=\"\" width=\"256\" height=\"192\"> <img loading=\"lazy\" decoding=\"async\" class=\"alignnone size-full wp-image-58300\" src=\"http:\/\/www.sabinewenig.de\/myblog\/wp-content\/uploads\/2019\/11\/IMG_6757_kl.jpg\" alt=\"\" width=\"256\" height=\"192\">&nbsp;<img loading=\"lazy\" decoding=\"async\" class=\"alignnone size-full wp-image-58303\" src=\"http:\/\/www.sabinewenig.de\/myblog\/wp-content\/uploads\/2019\/11\/IMG_6760_kl-rotated-e1576160463428.jpg\" alt=\"\" width=\"192\" height=\"256\"><br \/>\n<img loading=\"lazy\" decoding=\"async\" class=\"alignnone size-full wp-image-58301\" src=\"http:\/\/www.sabinewenig.de\/myblog\/wp-content\/uploads\/2019\/11\/IMG_6758_kl.jpg\" alt=\"\" width=\"256\" height=\"192\"> <img loading=\"lazy\" decoding=\"async\" class=\"alignnone size-full wp-image-58302\" src=\"http:\/\/www.sabinewenig.de\/myblog\/wp-content\/uploads\/2019\/11\/IMG_6759_kl-rotated-e1576160473602.jpg\" alt=\"\" width=\"192\" height=\"256\">&nbsp;<\/p>\n<p><img loading=\"lazy\" decoding=\"async\" class=\"alignnone size-full wp-image-59163\" src=\"http:\/\/www.sabinewenig.de\/myblog\/wp-content\/uploads\/2019\/11\/IMG_6856_kl.jpg\" alt=\"\" width=\"256\" height=\"192\"> <img loading=\"lazy\" decoding=\"async\" class=\"alignnone size-medium wp-image-59164\" src=\"http:\/\/www.sabinewenig.de\/myblog\/wp-content\/uploads\/2019\/11\/IMG_6857_kl.jpg\" alt=\"\" width=\"256\" height=\"192\"> <img loading=\"lazy\" decoding=\"async\" class=\"alignnone size-full wp-image-59165\" src=\"http:\/\/www.sabinewenig.de\/myblog\/wp-content\/uploads\/2019\/11\/IMG_6858_kl-rotated-e1578732174319.jpg\" alt=\"\" width=\"192\" height=\"256\"> <img loading=\"lazy\" decoding=\"async\" class=\"alignnone size-medium wp-image-59170\" src=\"http:\/\/www.sabinewenig.de\/myblog\/wp-content\/uploads\/2019\/11\/IMG_6863_kl.jpg\" alt=\"\" width=\"256\" height=\"192\"><img loading=\"lazy\" decoding=\"async\" class=\"alignnone size-full wp-image-59166\" src=\"http:\/\/www.sabinewenig.de\/myblog\/wp-content\/uploads\/2019\/11\/IMG_6859_kl-rotated-e1578732167291.jpg\" alt=\"\" width=\"192\" height=\"256\"> <img loading=\"lazy\" decoding=\"async\" class=\"alignnone size-full wp-image-59167\" src=\"http:\/\/www.sabinewenig.de\/myblog\/wp-content\/uploads\/2019\/11\/IMG_6860_kl-rotated-e1578732160279.jpg\" alt=\"\" width=\"192\" height=\"256\"> <img loading=\"lazy\" decoding=\"async\" class=\"alignnone size-full wp-image-59168\" src=\"http:\/\/www.sabinewenig.de\/myblog\/wp-content\/uploads\/2019\/11\/IMG_6861_kl-rotated-e1578732151509.jpg\" alt=\"\" width=\"192\" height=\"256\"> <img loading=\"lazy\" decoding=\"async\" class=\"alignnone size-full wp-image-59169\" src=\"http:\/\/www.sabinewenig.de\/myblog\/wp-content\/uploads\/2019\/11\/IMG_6862_kl-rotated-e1578732144866.jpg\" alt=\"\" width=\"192\" height=\"256\"><\/p>\n<p><a href=\"https:\/\/www.luxmomentum-weihnachtsbeleuchtung.de\/weihnachtliche-fassade-ulrichshaus-magdeburg\" target=\"_blank\" rel=\"noopener noreferrer\">https:\/\/www.luxmomentum-weihnachtsbeleuchtung.de\/weihnachtliche-fassade-ulrichshaus-magdeburg<\/a><\/p>\n<p>Zitronenfest<br \/>\n<a href=\"https:\/\/www.bing.com\/images\/search?q=Zitronenfest+Menton&amp;FORM=hpbap1\" target=\"_blank\" rel=\"noopener noreferrer\">https:\/\/www.bing.com\/images\/search?q=Zitronenfest+Menton&amp;FORM=hpbap1<\/a><\/p>\n<p>&#8222;Tauchfahrt ins Licht&#8220;<br \/>\n<a href=\"https:\/\/www.faz.net\/aktuell\/feuilleton\/kunst\/bassins-de-lumieres-in-bordeaux-tauchfahrt-ins-licht-16818089.html\" target=\"_blank\" rel=\"noopener noreferrer\">https:\/\/www.faz.net\/aktuell\/feuilleton\/kunst\/bassins-de-lumieres-in-bordeaux-tauchfahrt-ins-licht-16818089.html<\/a><\/p>\n<p>\u201eNight of Light\u201c taucht Magdeburger Sehensw\u00fcrdigkeiten mahnend in rotes Licht<br \/>\n<a href=\"https:\/\/www.magdeburger-news.de\/?this=frame&amp;cut=1&amp;c=20200620175251\" target=\"_blank\" rel=\"noopener noreferrer\">https:\/\/www.magdeburger-news.de\/?this=frame&amp;cut=1&amp;c=20200620175251<\/a><\/p>\n<p>Deutschland in rotem Licht<br \/>\nhttps:\/\/www.gmx.net\/magazine\/wirtschaft\/night-of-light-deutschland-erstrahlt-rot-veranstaltungsbranche-aussterben-34816108#.homepage.hero.Ganz%20Deutschland%20in%20rotes%20Licht%20getaucht:%20Das%20steckt%20dahinter.4<\/p>\n<p>Dasara<br \/>\n&#8211; https:\/\/www.indiaeve.com\/event\/Mysore-Dasara<br \/>\n&#8211; <a href=\"https:\/\/bp-guide.in\/AXbuHAhT\" target=\"_blank\" rel=\"noopener noreferrer\">https:\/\/bp-guide.in\/AXbuHAhT<\/a><br \/>\n&#8211; <a href=\"https:\/\/www.herzindagi.com\/diary\/celebrate-dussehra-in-mysuru-article-61681\" target=\"_blank\" rel=\"noopener noreferrer\">https:\/\/www.herzindagi.com\/diary\/celebrate-dussehra-in-mysuru-article-61681<\/a><\/p>\n<p><a href=\"https:\/\/www.sueddeutsche.de\/kultur\/gerhard-richters-letztes-werk-muster-aus-farbe-und-licht-1.5035025\" target=\"_blank\" rel=\"noopener noreferrer\">https:\/\/www.sueddeutsche.de\/kultur\/gerhard-richters-letztes-werk-muster-aus-farbe-und-licht-1.5035025<\/a><\/p>\n<p>Christmas Garden<\/p>\n<blockquote class=\"wp-embedded-content\" data-secret=\"6p5l9JdOYp\"><p><a href=\"https:\/\/www.christmas-garden.de\/\">Christmas Garden &#8211; Startseite<\/a><\/p><\/blockquote>\n<p><iframe loading=\"lazy\" class=\"wp-embedded-content\" sandbox=\"allow-scripts\" security=\"restricted\" style=\"position: absolute; visibility: hidden;\" title=\"&#8222;Christmas Garden &#8211; Startseite&#8220; &#8212; Christmas Garden\" src=\"https:\/\/www.christmas-garden.de\/embed\/#?secret=707bn0HndG#?secret=6p5l9JdOYp\" data-secret=\"6p5l9JdOYp\" width=\"600\" height=\"338\" frameborder=\"0\" marginwidth=\"0\" marginheight=\"0\" scrolling=\"no\"><\/iframe><\/p>\n<p>B\u00fcsumer Lichterwochen vom 17. Oktober bis 01.November 2020<br \/>\n<a href=\"https:\/\/www.magdeburger-news.de\/?this=frame&amp;cut=1&amp;c=20201001195037\" target=\"_blank\" rel=\"noopener noreferrer\">https:\/\/www.magdeburger-news.de\/?this=frame&amp;cut=1&amp;c=20201001195037<\/a><\/p>\n<p>Magdeburg-News: Erfolgreicher Auftakt zur Aktionswoche &#8222;Eine Stadt f\u00fcr alle&#8220; mit leuchtenden Kerzen und via Live-Stream<br \/>\n<a href=\"https:\/\/www.magdeburger-news.de\/?this=frame&amp;c=20210117165324\" target=\"_blank\" rel=\"noopener\">https:\/\/www.magdeburger-news.de\/?this=frame&amp;c=20210117165324<\/a><\/p>\n<p>Deutsches Rotes Kreuz verabschiedet Magdeburger Lichterwelt<br \/>\n<a href=\"https:\/\/www.magdeburger-news.de\/?this=frame&amp;cut=0&amp;c=20210201110904\" target=\"_blank\" rel=\"noopener\">https:\/\/www.magdeburger-news.de\/?this=frame&amp;cut=0&amp;c=20210201110904<\/a><\/p>\n<p>Diwali &#8211; &#8222;Diwali (auch Divali) oder Dipavali (auch Deepavali), das Lichterfest, ist ein bedeutendes mehrt\u00e4giges hinduistisches Fest in Indien, Sri Lanka und Nepal und in anderen vom Hinduismus gepr\u00e4gten L\u00e4ndern, zum Beispiel in Mauritius, Suriname, Fidschi, Trinidad und Tobago, Singapur sowie in S\u00fcdafrika und der indischen Diaspora. &#8220;<br \/>\n<a href=\"https:\/\/www.google.com\/search?client=opera&amp;q=Diwali&amp;sourceid=opera&amp;ie=UTF-8&amp;oe=UTF-8\" target=\"_blank\" rel=\"noopener\">https:\/\/www.google.com\/search?client=opera&amp;q=Diwali&amp;sourceid=opera&amp;ie=UTF-8&amp;oe=UTF-8<\/a><\/p>\n<p>https:\/\/www.gmx.net\/magazine\/sport\/fussball\/international\/faszinierende-bilder-rangers-fans-feiern-meisterschaft-irrer-pyro-show-35815646#.homepage.fiveBig_13_Sport.Faszinierende%20Bilder:%20Rangers-Fans%20feiern%20Meisterschaft%20mit%20irrer%20Pyro-Show.1<\/p>\n<p>Magdeburg IN LIGHT<br \/>\n2021 :<br \/>\n&#8211; <a href=\"https:\/\/www.youtube.com\/watch?v=yeI9reqyrFo\" target=\"_blank\" rel=\"noopener\">https:\/\/www.youtube.com\/watch?v=yeI9reqyrFo<\/a><br \/>\n&#8211; https:\/\/www.youtube.com\/watch?v=sPDvEDRioMA<br \/>\n&#8211; <a href=\"https:\/\/www.volksstimme.de\/service\/gewinnspiele\/magdeburg-in-light-3239423\" rel=\"noopener\" target=\"_blank\">https:\/\/www.volksstimme.de\/service\/gewinnspiele\/magdeburg-in-light-3239423<\/a><br \/>\n2020 :<br \/>\n&#8211; <a href=\"https:\/\/www.youtube.com\/watch?v=yAexzWrn5_E\" target=\"_blank\" rel=\"noopener\">https:\/\/www.youtube.com\/watch?v=yAexzWrn5_E<\/a><br \/>\n&#8211; <a href=\"https:\/\/www.youtube.com\/watch?v=sTD-Ye_tXEA\" target=\"_blank\" rel=\"noopener\">https:\/\/www.youtube.com\/watch?v=sTD-Ye_tXEA<\/a><br \/>\n&#8211; <a href=\"https:\/\/www.youtube.com\/watch?v=7wKhFhEphcs\" target=\"_blank\" rel=\"noopener\">https:\/\/www.youtube.com\/watch?v=7wKhFhEphcs<\/a><\/p>\n<p>&#8212;&#8212;&#8212;&#8212;&#8212;&#8212;&#8212;&#8212;&#8212;&#8212;&#8212;&#8212;&#8212;&#8212;-<\/p>\n<p>Strahlebahn :<br \/>\n&#8211; <a href=\"https:\/\/www.99funken.de\/strahlebahn\" target=\"_blank\" rel=\"noopener\">https:\/\/www.99funken.de\/strahlebahn<\/a><br \/>\n&#8211; <a href=\"https:\/\/www.volksstimme.de\/lokal\/magdeburg\/eine-strahlebahn-fur-die-magdeburger-lichterwelt-3220670\" target=\"_blank\" rel=\"noopener\">https:\/\/www.volksstimme.de\/lokal\/magdeburg\/eine-strahlebahn-fur-die-magdeburger-lichterwelt-3220670<\/a><br \/>\n&#8211; https:\/\/ne-np.facebook.com\/igimagdeburg\/posts\/3022091678023762<br \/>\n&#8211; https:\/\/www.dailyadvent.com\/de\/news\/ba106a2b70dd4f021c856401e59be0b8<br \/>\n&#8211; <a href=\"https:\/\/module.sparkasse-magdeburg.de\/de\/home\/aktionen\/99funken.html\" target=\"_blank\" rel=\"noopener\">https:\/\/module.sparkasse-magdeburg.de\/de\/home\/aktionen\/99funken.html<\/a><br \/>\n&#8211; Bilder davon : <a href=\"https:\/\/www.google.com\/search?rlz=1C1CHBH_deDE799DE799&amp;sxsrf=AOaemvIPWIk4P1ZQwwO-GxuR9FxijHsHFQ:1632156061373&amp;source=univ&amp;tbm=isch&amp;q=Strahlebahn&amp;sa=X&amp;ved=2ahUKEwj7uYWS_43zAhXF_rsIHQmZCAQQjJkEegQIJBAC\" target=\"_blank\" rel=\"noopener\">https:\/\/www.google.com\/search?rlz=1C1CHBH_deDE799DE799&amp;sxsrf=AOaemvIPWIk4P1ZQwwO-GxuR9FxijHsHFQ:1632156061373&amp;source=univ&amp;tbm=isch&amp;q=Strahlebahn&amp;sa=X&amp;ved=2ahUKEwj7uYWS_43zAhXF_rsIHQmZCAQQjJkEegQIJBAC<\/a><br \/>\n&#8211; https:\/\/vimeo.com\/582884625<br \/>\n&#8211; <a href=\"https:\/\/www.facebook.com\/heimatverein.lemsdorf\/photos\/a.1473816302933253\/2939759849672217\/?type=3&amp;theater\" target=\"_blank\" rel=\"noopener\">https:\/\/www.facebook.com\/heimatverein.lemsdorf\/<br \/>\nphotos\/a.1473816302933253\/2939759849672217\/?type=3&amp;theater<\/a><\/p>\n<p>Idee f\u00fcr Lichterwelt mit 1. FC Magdeburg und SC Magdeburg im Osten von Magdeburg<br \/>\n<a href=\"https:\/\/www.volksstimme.de\/lokal\/magdeburg\/idee-fur-lichterwelt-mit-1-fc-magdeburg-und-sc-magdeburg-im-osten-von-magdeburg-3253923?reduced=true\" rel=\"noopener\" target=\"_blank\">https:\/\/www.volksstimme.de\/lokal\/magdeburg\/idee-fur-lichterwelt-mit-1-fc-magdeburg-und-sc-magdeburg-im-osten-von-magdeburg-3253923?reduced=true<\/a><\/p>\n<p>Siedler arbeiten in Magdeburg an einer Lichterwelt im Texas-Stil<br \/>\n<a href=\"https:\/\/www.volksstimme.de\/lokal\/magdeburg\/siedler-arbeiten-in-magdeburg-an-einer-lichterwelt-im-texas-stil-3259915?reduced=true\" rel=\"noopener\" target=\"_blank\">https:\/\/www.volksstimme.de\/lokal\/magdeburg\/siedler-arbeiten-in-magdeburg-an-einer-lichterwelt-im-texas-stil-3259915?reduced=true<\/a><\/p>\n<p>Kleine Magdeburger Lichterwelt wird gr\u00f6\u00dfer als gedacht<br \/>\n<a href=\"https:\/\/www.volksstimme.de\/lokal\/magdeburg\/kleine-magdeburger-lichterwelt-wird-grosser-als-gedacht-3261111?reduced=true\" target=\"_blank\" rel=\"noopener\">https:\/\/www.volksstimme.de\/lokal\/magdeburg\/kleine-magdeburger-lichterwelt-wird-grosser-als-gedacht-3261111?reduced=true<\/a><\/p>\n<p>Startschuss f\u00fcr die diesj\u00e4hrige Magdeburger Lichterwelt am Alten Markt<br \/>\n<a href=\"https:\/\/www.volksstimme.de\/lokal\/magdeburg\/startschuss-fur-die-diesjahrige-magdeburger-lichterwelt-am-alten-markt-3264361?reduced=true\" target=\"_blank\" rel=\"noopener\">https:\/\/www.volksstimme.de\/lokal\/magdeburg\/startschuss-fur-die-diesjahrige-magdeburger-lichterwelt-am-alten-markt-3264361?reduced=true<\/a><\/p>\n<p>Positive Nachrichten f\u00fcr die Lichterwelt in Magdeburg-Rothensee<br \/>\n<a href=\"https:\/\/www.volksstimme.de\/lokal\/magdeburg\/positive-nachrichten-fur-die-lichterwelt-in-magdeburg-rothensee-3264360?reduced=true\" target=\"_blank\" rel=\"noopener\">https:\/\/www.volksstimme.de\/lokal\/magdeburg\/positive-nachrichten-fur-die-lichterwelt-in-magdeburg-rothensee-3264360?reduced=true<\/a><\/p>\n<p>Rathaus weihnachtlich geschm\u00fcckt<br \/>\n<a href=\"https:\/\/m.facebook.com\/story.php?story_fbid=4391387994242936&#038;id=142878009093977&#038;m_entstream_source=timeline&#038;__tn__=%2As%2As-R\" target=\"_blank\" rel=\"noopener\">https:\/\/m.facebook.com\/story.php?story_fbid=4391387994242936&#038;id=142878009093977&#038;m_entstream_source=timeline&#038;__tn__=%2As%2As-R<\/a><\/p>\n<p>Vorbereitungen auf Hochtouren: Lichterwelt f\u00fcrs Bl\u00e4tterdach in Magdeburg<br \/>\n<a href=\"https:\/\/www.volksstimme.de\/lokal\/magdeburg\/vorbereitungen-auf-hochtouren-lichterwelt-fuers-blaetterdach-in-magdeburg-3266681?reduced=true\" target=\"_blank\" rel=\"noopener\">https:\/\/www.volksstimme.de\/lokal\/magdeburg\/vorbereitungen-auf-hochtouren-lichterwelt-fuers-blaetterdach-in-magdeburg-3266681?reduced=true<\/a><\/p>\n<p>LICHTERFEST<br \/>\nWie der Magdeburger Florapark in die Lichterwelt einsteigen will<br \/>\n<a href=\"https:\/\/www.volksstimme.de\/lokal\/magdeburg\/wie-der-magdeburger-florapark-in-die-lichterwelt-einsteigen-will-3267209?reduced=true\" target=\"_blank\" rel=\"noopener\">https:\/\/www.volksstimme.de\/lokal\/magdeburg\/wie-der-magdeburger-florapark-in-die-lichterwelt-einsteigen-will-3267209?reduced=true<\/a><\/p>\n<p>Kommentar: An einem Strang f\u00fcr die Magdeburger Lichterwelt<br \/>\n<a href=\"https:\/\/www.volksstimme.de\/lokal\/magdeburg\/kommentar-an-einem-strang-fur-die-magdeburger-lichterwelt-3267212?reduced=true\" target=\"_blank\" rel=\"noopener\">https:\/\/www.volksstimme.de\/lokal\/magdeburg\/kommentar-an-einem-strang-fur-die-magdeburger-lichterwelt-3267212?reduced=true<\/a><\/p>\n<p>Magdeburger Lichterwelt strahlt bis \u201eTexas\u201c<br \/>\n<a href=\"https:\/\/www.volksstimme.de\/lokal\/magdeburg\/magdeburger-lichterwelt-strahlt-bis-texas-3273203?reduced=true\" target=\"_blank\" rel=\"noopener\">https:\/\/www.volksstimme.de\/lokal\/magdeburg\/magdeburger-lichterwelt-strahlt-bis-texas-3273203?reduced=true<\/a><\/p>\n<p>Eine Strahlebahn f\u00fcr die Lichterwelt in Magdeburg<br \/>\n<a href=\"https:\/\/www.volksstimme.de\/lokal\/magdeburg\/eine-strahlebahn-fur-die-lichterwelt-in-magdeburg-3273813?reduced=true\" target=\"_blank\" rel=\"noopener\">https:\/\/www.volksstimme.de\/lokal\/magdeburg\/eine-strahlebahn-fur-die-lichterwelt-in-magdeburg-3273813?reduced=true<\/a><\/p>\n<p>2.11.2021 : Aufbau der Lichterwelt auf dem Domplatz in Magdeburg<\/p>\n<p><img loading=\"lazy\" decoding=\"async\" class=\"alignnone size-medium wp-image-108610\" src=\"http:\/\/www.sabinewenig.de\/myblog\/wp-content\/uploads\/2021\/10\/IMG_9818_klkl.jpg\" alt=\"\" width=\"750\" height=\"563\" srcset=\"http:\/\/www.sabinewenig.de\/myblog\/wp-content\/uploads\/2021\/10\/IMG_9818_klkl.jpg 750w, http:\/\/www.sabinewenig.de\/myblog\/wp-content\/uploads\/2021\/10\/IMG_9818_klkl-300x225.jpg 300w\" sizes=\"auto, (max-width: 750px) 100vw, 750px\" \/><\/p>\n<p><img loading=\"lazy\" decoding=\"async\" class=\"alignnone size-full wp-image-108609\" src=\"http:\/\/www.sabinewenig.de\/myblog\/wp-content\/uploads\/2021\/10\/IMG_9818_kl.jpg\" alt=\"\" width=\"256\" height=\"192\">&nbsp;<img loading=\"lazy\" decoding=\"async\" class=\"alignnone size-medium wp-image-108611\" src=\"http:\/\/www.sabinewenig.de\/myblog\/wp-content\/uploads\/2021\/10\/IMG_9810_kl.jpg\" alt=\"\" width=\"256\" height=\"192\"><\/p>\n<p><img loading=\"lazy\" decoding=\"async\" class=\"alignnone size-medium wp-image-108612\" src=\"http:\/\/www.sabinewenig.de\/myblog\/wp-content\/uploads\/2021\/10\/IMG_9809_kl.jpg\" alt=\"\" width=\"256\" height=\"192\">&nbsp;<img loading=\"lazy\" decoding=\"async\" class=\"alignnone size-medium wp-image-108613\" src=\"http:\/\/www.sabinewenig.de\/myblog\/wp-content\/uploads\/2021\/10\/IMG_9808_kl.jpg\" alt=\"\" width=\"256\" height=\"192\"><\/p>\n<p><img loading=\"lazy\" decoding=\"async\" class=\"alignnone size-medium wp-image-108614\" src=\"http:\/\/www.sabinewenig.de\/myblog\/wp-content\/uploads\/2021\/10\/IMG_9807_kl.jpg\" alt=\"\" width=\"256\" height=\"192\">&nbsp;<img loading=\"lazy\" decoding=\"async\" class=\"alignnone size-medium wp-image-108615\" src=\"http:\/\/www.sabinewenig.de\/myblog\/wp-content\/uploads\/2021\/10\/IMG_9806_kl.jpg\" alt=\"\" width=\"256\" height=\"192\"><\/p>\n<p><img loading=\"lazy\" decoding=\"async\" class=\"alignnone size-medium wp-image-108616\" src=\"http:\/\/www.sabinewenig.de\/myblog\/wp-content\/uploads\/2021\/10\/IMG_9805_kl.jpg\" alt=\"\" width=\"256\" height=\"192\">&nbsp;<img loading=\"lazy\" decoding=\"async\" class=\"alignnone size-medium wp-image-108618\" src=\"http:\/\/www.sabinewenig.de\/myblog\/wp-content\/uploads\/2021\/10\/IMG_9802_kl.jpg\" alt=\"\" width=\"256\" height=\"192\"><\/p>\n<p><img loading=\"lazy\" decoding=\"async\" class=\"alignnone size-medium wp-image-108619\" src=\"http:\/\/www.sabinewenig.de\/myblog\/wp-content\/uploads\/2021\/10\/IMG_9801_kl.jpg\" alt=\"\" width=\"256\" height=\"192\">&nbsp;<img loading=\"lazy\" decoding=\"async\" class=\"alignnone size-medium wp-image-108620\" src=\"http:\/\/www.sabinewenig.de\/myblog\/wp-content\/uploads\/2021\/10\/IMG_9800_kl.jpg\" alt=\"\" width=\"256\" height=\"192\"><\/p>\n<p><img loading=\"lazy\" decoding=\"async\" class=\"alignnone size-medium wp-image-108621\" src=\"http:\/\/www.sabinewenig.de\/myblog\/wp-content\/uploads\/2021\/10\/IMG_9800_kl_breit.jpg\" alt=\"\" width=\"750\" height=\"178\" srcset=\"http:\/\/www.sabinewenig.de\/myblog\/wp-content\/uploads\/2021\/10\/IMG_9800_kl_breit.jpg 750w, http:\/\/www.sabinewenig.de\/myblog\/wp-content\/uploads\/2021\/10\/IMG_9800_kl_breit-300x71.jpg 300w\" sizes=\"auto, (max-width: 750px) 100vw, 750px\" \/><\/p>\n<p><img loading=\"lazy\" decoding=\"async\" class=\"alignnone size-medium wp-image-108622\" src=\"http:\/\/www.sabinewenig.de\/myblog\/wp-content\/uploads\/2021\/10\/IMG_9799_kl-225x300.jpg\" alt=\"\" width=\"225\" height=\"300\" srcset=\"http:\/\/www.sabinewenig.de\/myblog\/wp-content\/uploads\/2021\/10\/IMG_9799_kl-225x300.jpg 225w, http:\/\/www.sabinewenig.de\/myblog\/wp-content\/uploads\/2021\/10\/IMG_9799_kl-rotated.jpg 256w\" sizes=\"auto, (max-width: 225px) 100vw, 225px\" \/> <img loading=\"lazy\" decoding=\"async\" class=\"alignnone size-medium wp-image-108624\" src=\"http:\/\/www.sabinewenig.de\/myblog\/wp-content\/uploads\/2021\/10\/IMG_9796_kl-225x300.jpg\" alt=\"\" width=\"225\" height=\"300\" srcset=\"http:\/\/www.sabinewenig.de\/myblog\/wp-content\/uploads\/2021\/10\/IMG_9796_kl-225x300.jpg 225w, http:\/\/www.sabinewenig.de\/myblog\/wp-content\/uploads\/2021\/10\/IMG_9796_kl-rotated.jpg 256w\" sizes=\"auto, (max-width: 225px) 100vw, 225px\" \/><\/p>\n<p><img loading=\"lazy\" decoding=\"async\" class=\"alignnone size-medium wp-image-108623\" src=\"http:\/\/www.sabinewenig.de\/myblog\/wp-content\/uploads\/2021\/10\/IMG_9798_kl.jpg\" alt=\"\" width=\"256\" height=\"192\"> <img loading=\"lazy\" decoding=\"async\" class=\"alignnone size-medium wp-image-108617\" src=\"http:\/\/www.sabinewenig.de\/myblog\/wp-content\/uploads\/2021\/10\/IMG_9803_kl-225x300.jpg\" alt=\"\" width=\"225\" height=\"300\" srcset=\"http:\/\/www.sabinewenig.de\/myblog\/wp-content\/uploads\/2021\/10\/IMG_9803_kl-225x300.jpg 225w, http:\/\/www.sabinewenig.de\/myblog\/wp-content\/uploads\/2021\/10\/IMG_9803_kl-rotated.jpg 256w\" sizes=\"auto, (max-width: 225px) 100vw, 225px\" \/><\/p>\n<p>Lichterwelt und Weihnachtsmarkt sorgen f\u00fcr traumhafte Adventszeit in der Ottostadt<br \/>\n<a href=\"https:\/\/www.magdeburger-news.de\/?this=frame&#038;c=20211115152353\" target=\"_blank\" rel=\"noopener\">https:\/\/www.magdeburger-news.de\/?this=frame&#038;c=20211115152353<\/a><\/p>\n<p>Doppeldeckerbus f\u00e4hrt diesen Winter erstmals in den Abendstunden durch die Lichterwelt<br \/>\n<a href=\"https:\/\/www.magdeburger-news.de\/?this=frame&#038;c=20211116164535\" target=\"_blank\" rel=\"noopener\">https:\/\/www.magdeburger-news.de\/?this=frame&#038;c=20211116164535<\/a><\/p>\n<p>STADTTEILAKTIONEN<br \/>\nBewohner machen mobil: So wird eine Bank zum Treffpunkt der Nachbarschaft in Magdeburg<br \/>\n<a href=\"https:\/\/www.volksstimme.de\/lokal\/magdeburg\/bewohner-machen-mobil-so-wird-eine-bank-zum-treffpunkt-der-nachbarschaft-in-magdeburg-3278346?reduced=true\" target=\"_blank\" rel=\"noopener\">https:\/\/www.volksstimme.de\/lokal\/magdeburg\/bewohner-machen-mobil-so-wird-eine-bank-zum-treffpunkt-der-nachbarschaft-in-magdeburg-3278346?reduced=true<\/a><\/p>\n<p>LICHTERWELT<br \/>\nAttraktion am Adolf-Mittag-See: Leuchtfrosch ist Teil der Magdeburger Lichterwelt<br \/>\n<a href=\"https:\/\/www.volksstimme.de\/lokal\/magdeburg\/attraktion-am-adolf-mittag-see-leuchtfrosch-ist-teil-der-magdeburger-lichterwelt-3279150?reduced=true\" target=\"_blank\" rel=\"noopener\">https:\/\/www.volksstimme.de\/lokal\/magdeburg\/attraktion-am-adolf-mittag-see-leuchtfrosch-ist-teil-der-magdeburger-lichterwelt-3279150?reduced=true<\/a><\/p>\n<p>SWM Magdeburg \u00f6ffnen heute Abend Boulevard am \u201eBlauen Bock\u201c<br \/>\n<a href=\"https:\/\/www.magdeburger-news.de\/?this=frame&#038;cut=2&#038;c=20211119141109\" target=\"_blank\" rel=\"noopener\">https:\/\/www.magdeburger-news.de\/?this=frame&#038;cut=2&#038;c=20211119141109<\/a><\/p>\n<p>Auch in diesem Magdeburger Stadtteil (Texas) leuchtet jetzt die Lichterwelt<br \/>\n<a href=\"https:\/\/www.volksstimme.de\/lokal\/magdeburg\/auch-in-diesem-magdeburger-stadtteil-leuchtet-jetzt-die-lichterwelt-3281107?reduced=true\" target=\"_blank\" rel=\"noopener\">https:\/\/www.volksstimme.de\/lokal\/magdeburg\/auch-in-diesem-magdeburger-stadtteil-leuchtet-jetzt-die-lichterwelt-3281107?reduced=true<\/a><\/p>\n<p>WEIHNACHTEN<br \/>\nVideo: Er\u00f6ffnung trotz Corona &#8211; warum die Lichterwelt f\u00fcr Magdeburg wichtig ist<br \/>\n<a href=\"https:\/\/www.volksstimme.de\/lokal\/magdeburg\/video-eroeffnung-trotz-corona-warum-die-lichterwelt-fuer-magdeburg-wichtig-ist-3280908?reduced=true\" target=\"_blank\" rel=\"noopener\">https:\/\/www.volksstimme.de\/lokal\/magdeburg\/video-eroeffnung-trotz-corona-warum-die-lichterwelt-fuer-magdeburg-wichtig-ist-3280908?reduced=true<\/a><\/p>\n<p>LICHTERWELT<br \/>\nEin weiteres Element f\u00fcr die Magdeburger Lichterwelt ist in Ottersleben f\u00fcr 2023 geplant<br \/>\n<a href=\"https:\/\/www.volksstimme.de\/lokal\/magdeburg\/ein-weiteres-element-fur-die-magdeburger-lichterwelt-ist-in-ottersleben-fur-2023-geplant-3282432?reduced=true\" target=\"_blank\" rel=\"noopener\">https:\/\/www.volksstimme.de\/lokal\/magdeburg\/ein-weiteres-element-fur-die-magdeburger-lichterwelt-ist-in-ottersleben-fur-2023-geplant-3282432?reduced=true<\/a><\/p>\n<p>Magdeburg-News: Strahlebahn ist Lichterwelt-Highlight \u2013 MVB verlosen F\u00fchrungen &#038; \u201eechte\u201c Fahrt<br \/>\n<a href=\"https:\/\/www.magdeburger-news.de\/?this=frame&#038;c=20211127023059\" target=\"_blank\" rel=\"noopener\">https:\/\/www.magdeburger-news.de\/?this=frame&#038;c=20211127023059<\/a><\/p>\n<p>LEUCHTELEMENT<br \/>\nSo will sich die Neustadt an der Magdeburger Lichterwelt beteiligen<br \/>\n<a href=\"https:\/\/www.volksstimme.de\/lokal\/magdeburg\/so-will-sich-die-neustadt-an-der-magdeburger-lichterwelt-beteiligen-3284542?reduced=true\" target=\"_blank\" rel=\"noopener\">https:\/\/www.volksstimme.de\/lokal\/magdeburg\/so-will-sich-die-neustadt-an-der-magdeburger-lichterwelt-beteiligen-3284542?reduced=true<\/a><\/p>\n<p>Lichterwelt in Magdeburg: So strahlt Rothensee in der Weihnachtszeit<br \/>\n<a href=\"https:\/\/www.volksstimme.de\/lokal\/magdeburg\/lichterwelt-in-magdeburg-so-strahlt-rothensee-in-der-weihnachtszeit-3308720?reduced=true\" target=\"_blank\" rel=\"noopener\">https:\/\/www.volksstimme.de\/lokal\/magdeburg\/lichterwelt-in-magdeburg-so-strahlt-rothensee-in-der-weihnachtszeit-3308720?reduced=true<\/a><\/p>\n<p>PROTEST<br \/>\nWieder Corona-Demo in Magdeburg &#8211; Lichterwelt bleibt aus<br \/>\n<a href=\"https:\/\/www.volksstimme.de\/lokal\/magdeburg\/wieder-corona-demo-in-magdeburg-lichterwelt-bleibt-aus-3308521?reduced=true\" target=\"_blank\" rel=\"noopener\">https:\/\/www.volksstimme.de\/lokal\/magdeburg\/wieder-corona-demo-in-magdeburg-lichterwelt-bleibt-aus-3308521?reduced=true<\/a><\/p>\n<p>Bild :<br \/>\nhttps:\/\/www.magdeburg.de\/index.php?NavID=37.459.1&#038;object=tx,37.42235.1&#038;La=<\/p>\n<p>Lichterwelt Magdeburg als Spiel: Laden Sie sich hier das Volksstimme-Brettspiel herunter<br \/>\n<a href=\"https:\/\/www.volksstimme.de\/lokal\/magdeburg\/lichterwelt-magdeburg-als-spiel-laden-sie-sich-hier-das-volksstimme-brettspiel-herunter-3314602?reduced=true\" target=\"_blank\" rel=\"noopener\">https:\/\/www.volksstimme.de\/lokal\/magdeburg\/lichterwelt-magdeburg-als-spiel-laden-sie-sich-hier-das-volksstimme-brettspiel-herunter-3314602?reduced=true<\/a><\/p>\n<p>R\u00e4tselraten in Magdeburg um geplante Erweiterung der Lichterwelt im Stadtteil Ottersleben<br \/>\n<a href=\"https:\/\/www.volksstimme.de\/lokal\/magdeburg\/ratselraten-in-magdeburg-um-geplante-erweiterung-der-lichterwelt-im-stadtteil-ottersleben-3316078?reduced=true\" target=\"_blank\" rel=\"noopener\">https:\/\/www.volksstimme.de\/lokal\/magdeburg\/ratselraten-in-magdeburg-um-geplante-erweiterung-der-lichterwelt-im-stadtteil-ottersleben-3316078?reduced=true<\/a><\/p>\n<p>Lichterwelt Magdeburg: Anzeige wegen mutma\u00dflichem Angriff auf die Heiligen Drei K\u00f6nige<br \/>\n<a href=\"https:\/\/www.volksstimme.de\/lokal\/magdeburg\/lichterwelt-magdeburg-anzeige-wegen-mutmasslichem-angriff-auf-die-heiligen-drei-konige-3317705?reduced=true\" target=\"_blank\" rel=\"noopener\">https:\/\/www.volksstimme.de\/lokal\/magdeburg\/lichterwelt-magdeburg-anzeige-wegen-mutmasslichem-angriff-auf-die-heiligen-drei-konige-3317705?reduced=true<\/a><\/p>\n<p><img loading=\"lazy\" decoding=\"async\" src=\"http:\/\/www.sabinewenig.de\/myblog\/wp-content\/uploads\/2021\/10\/IMG_1233_kl.jpg\" alt=\"\" width=\"256\" height=\"192\" class=\"alignnone size-full wp-image-111716\" \/> <img loading=\"lazy\" decoding=\"async\" src=\"http:\/\/www.sabinewenig.de\/myblog\/wp-content\/uploads\/2021\/10\/IMG_1248_kl.jpg\" alt=\"\" width=\"256\" height=\"192\" class=\"alignnone size-medium wp-image-111717\" \/><\/p>\n<p>Jetzt geht es ins Finale f\u00fcr die Magdeburger Lichterwelt<br \/>\n<a href=\"https:\/\/www.volksstimme.de\/lokal\/magdeburg\/jetzt-geht-es-ins-finale-fur-die-magdeburger-lichterwelt-3327797?reduced=true\" target=\"_blank\" rel=\"noopener\">https:\/\/www.volksstimme.de\/lokal\/magdeburg\/jetzt-geht-es-ins-finale-fur-die-magdeburger-lichterwelt-3327797?reduced=true<\/a><\/p>\n<p><img loading=\"lazy\" decoding=\"async\" class=\"alignnone size-full wp-image-111944\" src=\"http:\/\/www.sabinewenig.de\/myblog\/wp-content\/uploads\/2021\/10\/IMG_1686_kl-rotated.jpg\" alt=\"\" width=\"192\" height=\"256\">&nbsp;<img loading=\"lazy\" decoding=\"async\" class=\"alignnone size-medium wp-image-111945\" src=\"http:\/\/www.sabinewenig.de\/myblog\/wp-content\/uploads\/2021\/10\/IMG_1684_kl.jpg\" alt=\"\" width=\"256\" height=\"192\"><\/p>\n<p><img loading=\"lazy\" decoding=\"async\" class=\"alignnone size-medium wp-image-111946\" src=\"http:\/\/www.sabinewenig.de\/myblog\/wp-content\/uploads\/2021\/10\/IMG_1681_kl.jpg\" alt=\"\" width=\"256\" height=\"192\">&nbsp;<img loading=\"lazy\" decoding=\"async\" class=\"alignnone size-medium wp-image-111947\" src=\"http:\/\/www.sabinewenig.de\/myblog\/wp-content\/uploads\/2021\/10\/IMG_1681_kl_kl.jpg\" alt=\"\" width=\"256\" height=\"261\"><\/p>\n<p><img loading=\"lazy\" decoding=\"async\" class=\"alignnone size-medium wp-image-111948\" src=\"http:\/\/www.sabinewenig.de\/myblog\/wp-content\/uploads\/2021\/10\/IMG_1680_kl.jpg\" alt=\"\" width=\"256\" height=\"192\">&nbsp;<img loading=\"lazy\" decoding=\"async\" class=\"alignnone size-medium wp-image-111949\" src=\"http:\/\/www.sabinewenig.de\/myblog\/wp-content\/uploads\/2021\/10\/IMG_1680_kl_kl.jpg\" alt=\"\" width=\"256\" height=\"224\"><\/p>\n<p><img loading=\"lazy\" decoding=\"async\" class=\"alignnone size-medium wp-image-111950\" src=\"http:\/\/www.sabinewenig.de\/myblog\/wp-content\/uploads\/2021\/10\/IMG_1677_kl.jpg\" alt=\"\" width=\"256\" height=\"192\"><\/p>\n<p><img loading=\"lazy\" decoding=\"async\" src=\"http:\/\/www.sabinewenig.de\/myblog\/wp-content\/uploads\/2021\/10\/IMG_1673_kl.jpg\" alt=\"\" width=\"256\" height=\"192\" class=\"alignnone size-full wp-image-111954\" \/> <img loading=\"lazy\" decoding=\"async\" src=\"http:\/\/www.sabinewenig.de\/myblog\/wp-content\/uploads\/2021\/10\/IMG_1672_kl.jpg\" alt=\"\" width=\"256\" height=\"192\" class=\"alignnone size-medium wp-image-111955\" \/><\/p>\n<p>Attraktion<br \/>\nLetzte Runde f\u00fcr Magdeburger Lichterwelt &#8211; und die Pl\u00e4ne f\u00fcr die n\u00e4chste Saison<br \/>\n<a href=\"https:\/\/www.volksstimme.de\/lokal\/magdeburg\/letzte-runde-fur-magdeburger-lichterwelt-und-die-plane-fur-die-nachste-saison-3329987?reduced=true\" target=\"_blank\" rel=\"noopener\">https:\/\/www.volksstimme.de\/lokal\/magdeburg\/letzte-runde-fur-magdeburger-lichterwelt-und-die-plane-fur-die-nachste-saison-3329987?reduced=true<\/a><\/p>\n<p>Abschluss<br \/>\nLicht aus in der Magdeburger Lichterwelt<br \/>\n<a href=\"https:\/\/www.volksstimme.de\/lokal\/magdeburg\/licht-aus-in-der-magdeburger-lichterwelt-3331311?reduced=true\" target=\"_blank\" rel=\"noopener\">https:\/\/www.volksstimme.de\/lokal\/magdeburg\/licht-aus-in-der-magdeburger-lichterwelt-3331311?reduced=true<\/a><\/p>\n<p>Wo die Lichterwelt in Magdeburg noch leuchtet: Platz nehmen auf der L\u00fcmmelbank<br \/>\n<a href=\"https:\/\/www.volksstimme.de\/lokal\/magdeburg\/wo-die-lichterwelt-in-magdeburg-noch-leuchtet-platz-nehmen-auf-der-lummelbank-3333164?reduced=true\" target=\"_blank\" rel=\"noopener\">https:\/\/www.volksstimme.de\/lokal\/magdeburg\/wo-die-lichterwelt-in-magdeburg-noch-leuchtet-platz-nehmen-auf-der-lummelbank-3333164?reduced=true<\/a><\/p>\n<p>Vorschl\u00e4ge gesucht<br \/>\nDer n\u00e4chste Stadtteil: Wo in Magdeburg die Lichterwelt Einzug halten wird<br \/>\n<a href=\"https:\/\/www.volksstimme.de\/lokal\/magdeburg\/der-nachste-stadtteil-wo-in-magdeburg-die-lichterwelt-einzug-halten-wird-3333746?reduced=true\" target=\"_blank\" rel=\"noopener\">https:\/\/www.volksstimme.de\/lokal\/magdeburg\/der-nachste-stadtteil-wo-in-magdeburg-die-lichterwelt-einzug-halten-wird-3333746?reduced=true<\/a><\/p>\n<p>Sehensw\u00fcrdigkeit<br \/>\nLichterwelt bald auch im Norden Magdeburgs?<br \/>\n<a href=\"https:\/\/www.volksstimme.de\/lokal\/magdeburg\/lichterwelt-bald-auch-im-norden-magdeburgs-3334826?reduced=true\" target=\"_blank\" rel=\"noopener\">https:\/\/www.volksstimme.de\/lokal\/magdeburg\/lichterwelt-bald-auch-im-norden-magdeburgs-3334826?reduced=true<\/a><\/p>\n<p> Engagement<br \/>\nMagdeburg hat einen neuen B\u00fcrgerverein und das ist sein erstes Ziel<br \/>\nEin vier Meter hohes Sterntor bei n\u00e4chster Lichterwelt<br \/>\n<a href=\"https:\/\/www.volksstimme.de\/lokal\/magdeburg\/magdeburg-hat-einen-neuen-burgerverein-und-das-ist-sein-erstes-ziel-3362267?reduced=true\" target=\"_blank\" rel=\"noopener\">https:\/\/www.volksstimme.de\/lokal\/magdeburg\/magdeburg-hat-einen-neuen-burgerverein-und-das-ist-sein-erstes-ziel-3362267?reduced=true<\/a><\/p>\n<p>Attraktion<br \/>\nMagdeburger Lichterwelt: Ein Engel f\u00fcr Ottersleben<br \/>\n<a href=\"https:\/\/www.volksstimme.de\/lokal\/magdeburg\/magdeburger-lichterwelt-ein-engel-fur-ottersleben-3362754?reduced=true\" target=\"_blank\" rel=\"noopener\">https:\/\/www.volksstimme.de\/lokal\/magdeburg\/magdeburger-lichterwelt-ein-engel-fur-ottersleben-3362754?reduced=true<\/a><\/p>\n<p>Stadtentwicklung<br \/>\nMagdeburg-Rothensee: Anwohner bei Ideenfindung f\u00fcr 2022 gefragt<br \/>\n<a href=\"https:\/\/www.volksstimme.de\/lokal\/magdeburg\/magdeburg-rothensee-anwohner-bei-ideenfindung-fur-2022-gefragt-3364794?reduced=true\" target=\"_blank\" rel=\"noopener\">https:\/\/www.volksstimme.de\/lokal\/magdeburg\/magdeburg-rothensee-anwohner-bei-ideenfindung-fur-2022-gefragt-3364794?reduced=true<\/a><\/p>\n<p>Verein zeigt Entwurf<br \/>\nIn Magdeburg soll im Stadtteil Diesdorf die n\u00e4chste Lichterwelt zur Weihnachtszeit leuchten<br \/>\n<a href=\"https:\/\/www.volksstimme.de\/lokal\/magdeburg\/in-magdeburg-soll-im-stadtteil-diesdorf-die-nachste-lichterwelt-zur-weihnachtszeit-leuchten-3367347?reduced=true\" target=\"_blank\" rel=\"noopener\">https:\/\/www.volksstimme.de\/lokal\/magdeburg\/in-magdeburg-soll-im-stadtteil-diesdorf-die-nachste-lichterwelt-zur-weihnachtszeit-leuchten-3367347?reduced=true<\/a><\/p>\n<p>&#8212;&#8212;&#8212;&#8212;&#8212;&#8212;&#8212;&#8212;&#8212;&#8212;&#8212;&#8212;-<\/p>\n<p>Drohnen-Light-Show zum 3.10. in Halle<br \/>\n&#8211; <a href=\"https:\/\/www.mz.de\/lokal\/halle-saale\/drohnenshow-in-halle-zum-tag-der-deutschen-einheit-hier-im-live-stream-sehen-3254852\" rel=\"noopener\" target=\"_blank\">https:\/\/www.mz.de\/lokal\/halle-saale\/drohnenshow-in-halle-zum-tag-der-deutschen-einheit-hier-im-live-stream-sehen-3254852<\/a><br \/>\n&#8211; <a href=\"https:\/\/www.youtube.com\/watch?v=fk3f7zYBxwo\" rel=\"noopener\" target=\"_blank\">https:\/\/www.youtube.com\/watch?v=fk3f7zYBxwo<\/a><br \/>\n&#8211; <a href=\"https:\/\/www.youtube.com\/watch?v=bOPF7fgpNYc\" rel=\"noopener\" target=\"_blank\">https:\/\/www.youtube.com\/watch?v=bOPF7fgpNYc<\/a><\/p>\n<p>Brunnen der Fantasie in Lima in Peru<br \/>\n&#8211; https:\/\/peru-spezialisten.com\/der-circuito-magico-del-agua-wasserspiel-im-park\/<br \/>\n&#8211; https:\/\/peru.de\/themen\/lima-leuchtet-der-magische-wasserkreislauf\/<br \/>\n&#8211; <a href=\"https:\/\/www.alamy.de\/stockfoto-beleuchtete-brunnen-in-der-dammerung-in-der-magie-wasser-tourkurzschluss-in-reserve-park-lima-peru-52572912.html\" rel=\"noopener\" target=\"_blank\">https:\/\/www.alamy.de\/stockfoto-beleuchtete-brunnen-in-der-dammerung-in-der-magie-wasser-tourkurzschluss-in-reserve-park-lima-peru-52572912.html<\/a><\/p>\n<p>Winterleuchten in Erfurt im Egapark<br \/>\n&#8211; schon 2016 : https:\/\/feels-like-erfurt.de\/winterleuchten-auf-der-ega\/<br \/>\n&#8211; 2010\/2020 : <a href=\"https:\/\/www.egapark-erfurt.de\/pb\/egapark\/winterleuchten\" target=\"_blank\" rel=\"noopener\">https:\/\/www.egapark-erfurt.de\/pb\/egapark\/winterleuchten<\/a><br \/>\n&#8211; auch 2021 wieder : <a href=\"https:\/\/www.egapark-erfurt.de\/pb\/egapark\/Home\/Aktuelles\/winterleuchten_2021-2022\" target=\"_blank\" rel=\"noopener\">https:\/\/www.egapark-erfurt.de\/pb\/egapark\/Home\/Aktuelles\/winterleuchten_2021-2022<\/a><\/p>\n<p>Magische Lichtern\u00e4chte im Zoopark Erfurt<br \/>\nhttps:\/\/www.zoopark-erfurt.de\/veranstaltungen\/veranstaltungskalender\/magische-lichternaechte\/<\/p>\n<p>&#8212;&#8212;&#8212;&#8212;&#8212;&#8212;&#8212;&#8212;&#8212;&#8212;-<\/p>\n<p>Landwirte organisieren am Neujahrstag Lichterfahrt durch Magdeburg<br \/>\n<a href=\"https:\/\/www.magdeburger-news.de\/?this=frame&#038;cut=1&#038;c=20211228090815\" target=\"_blank\" rel=\"noopener\">https:\/\/www.magdeburger-news.de\/?this=frame&#038;cut=1&#038;c=20211228090815<\/a><\/p>\n<p>Spendenaktion in Magdeburg: Landwirte organisieren Lichterfahrt durch die Stadt<br \/>\n<a href=\"https:\/\/www.volksstimme.de\/lokal\/magdeburg\/spendenaktion-in-magdeburg-landwirte-organisieren-lichterfahrt-durch-die-stadt-3315306?reduced=true\" target=\"_blank\" rel=\"noopener\">https:\/\/www.volksstimme.de\/lokal\/magdeburg\/spendenaktion-in-magdeburg-landwirte-organisieren-lichterfahrt-durch-die-stadt-3315306?reduced=true<\/a><\/p>\n<p><a href=\"http:\/\/www.sabinewenig.de\/magdeburg\/images\/weihnachten2014\/MVI_1169.MOV\"><img decoding=\"async\" src=\"http:\/\/www.sabinewenig.de\/magdeburg\/images\/weihnachten2014\/MVI_1169_MOV.jpg\" \/><\/a><\/p>\n<p><img decoding=\"async\" src=\"http:\/\/www.sabinewenig.de\/magdeburg\/images\/weihnachten2014\/IMG_1146_kl.jpg\" \/>&nbsp;&nbsp;&nbsp;<img decoding=\"async\" src=\"http:\/\/www.sabinewenig.de\/magdeburg\/images\/weihnachten2014\/MVI_1169.gif\" \/><\/p>\n<p>&#8212;&#8212;&#8212;&#8212;&#8212;&#8212;&#8212;&#8212;&#8212;&#8212;-<\/p>\n<p>Mahnung<br \/>\nMagdeburg startet mit Erinnerung an die Bombennacht in die Aktionswoche<br \/>\n<a href=\"https:\/\/www.volksstimme.de\/lokal\/magdeburg\/magdeburg-startet-mit-erinnerung-an-die-bombennacht-in-die-aktionswoche-3321983?reduced=true\" target=\"_blank\" rel=\"noopener\">https:\/\/www.volksstimme.de\/lokal\/magdeburg\/magdeburg-startet-mit-erinnerung-an-die-bombennacht-in-die-aktionswoche-3321983?reduced=true<\/a><\/p>\n<p>Beamer-Licht-Event in Magdeburg \u2013 &#8222;Otto leuchtet&#8220; am 20. und 21. Mai<br \/>\n<a href=\"https:\/\/www.magdeburger-news.de\/?this=frame&#038;c=20220508060417\" target=\"_blank\" rel=\"noopener\">https:\/\/www.magdeburger-news.de\/?this=frame&#038;c=20220508060417<\/a><\/p>\n<p>&#8212;&#8212;&#8212;&#8212;&#8212;&#8212;&#8212;&#8212;&#8212;&#8212;&#8211;<\/p>\n<p>Bild der Lasershow am Dom<br \/>\nJahreswechsel in Magdeburg<br \/>\nLicht- und Lasershow zu Silvester?<br \/>\n<a href=\"https:\/\/www.volksstimme.de\/lokal\/magdeburg\/licht-und-lasershow-zu-silvester-3409154?reduced=true\" target=\"_blank\" rel=\"noopener\">https:\/\/www.volksstimme.de\/lokal\/magdeburg\/licht-und-lasershow-zu-silvester-3409154?reduced=true<\/a><\/p>\n<p>&#8212;&#8212;&#8212;&#8212;&#8212;&#8212;&#8212;&#8212;&#8212;&#8212;&#8212;<\/p>\n<p>Lichterglanz im Rosenpark &#8222;Rose trifft Kunst&#8220;<br \/>\n<a href=\"https:\/\/www.europa-rosarium.de\/de\/highlights\/387-20-08-lichterglanz\" target=\"_blank\" rel=\"noopener\">https:\/\/www.europa-rosarium.de\/de\/highlights\/387-20-08-lichterglanz<\/a><\/p>\n<p>&#8212;&#8212;&#8212;&#8212;&#8212;&#8212;&#8212;&#8212;&#8212;&#8212;&#8212;<\/p>\n<p>LUMAGICA Magdeburg leuchtet noch bis Mitte November 2022<br \/>\n<a href=\"https:\/\/www.magdeburger-news.de\/?this=frame&#038;c=20221022142503\" target=\"_blank\" rel=\"noopener\">https:\/\/www.magdeburger-news.de\/?this=frame&#038;c=20221022142503<\/a><\/p>\n<p>&#8212;&#8212;&#8212;&#8212;&#8212;&#8212;&#8212;&#8212;&#8212;&#8212;&#8212;&#8211;<\/p>\n<p>Tierische Lightshow begeistert Zoobesucher in Mechelen<br \/>\nhttps:\/\/www.gmx.net\/magazine\/panorama\/tierische-lightshow-begeistert-zoobesucher-mechelen-37536518#.homepage.four_21_Panorama.Tierische%20Lightshow%20begeistert%20Zoobesucher%20in%20Mechelen.2<\/p>\n<p>&#8212;&#8212;&#8212;&#8212;&#8212;&#8212;&#8212;&#8212;&#8212;&#8212;&#8212;&#8211;<\/p>\n<p>H\u00c4NDLER LADEN ZUM ERSTEN \u201eSWING &#038; LIGHT-FESTIVAL\u201c EIN<br \/>\nLivemusik und Magdeburg im Lichterglanz<br \/>\n<a href=\"https:\/\/www.volksstimme.de\/lokal\/magdeburg\/livemusik-und-magdeburg-im-lichterglanz-3686926\" target=\"_blank\" rel=\"noopener\">https:\/\/www.volksstimme.de\/lokal\/magdeburg\/livemusik-und-magdeburg-im-lichterglanz-3686926<\/a><\/p>\n<p>&#8212;&#8212;&#8212;&#8212;&#8212;&#8212;&#8212;&#8212;&#8212;&#8212;&#8212;&#8211;<\/p>\n<p>Magie aus Licht und Kl\u00e4nge \u2013 LUMAGICA Magdeburg ab 29. September 2023<br \/>\n<a href=\"https:\/\/www.magdeburger-news.de\/?this=frame&#038;cut=0&#038;c=20230807080512\" target=\"_blank\" rel=\"noopener\">https:\/\/www.magdeburger-news.de\/?this=frame&#038;cut=0&#038;c=20230807080512<\/a><\/p>\n<p>FREIZEIT IN MAGDEBURG<br \/>\nIm Test: Lohnt sich Besuch der Lichtshow Lumagica im Elbauenpark ?<br \/>\n<a href=\"https:\/\/www.volksstimme.de\/lokal\/magdeburg\/im-test-lohnt-sich-besuch-der-lichtshow-lumagica-im-elbauenpark-3701463\" target=\"_blank\" rel=\"noopener\">https:\/\/www.volksstimme.de\/lokal\/magdeburg\/im-test-lohnt-sich-besuch-der-lichtshow-lumagica-im-elbauenpark-3701463<\/a><\/p>\n<p>Licht trifft Schatten \u2013 LUMAGICA-Date-Night am 14. Oktober 2023 in Magdeburg<br \/>\n<a href=\"https:\/\/www.magdeburger-news.de\/?this=frame&#038;c=20230911080242\" target=\"_blank\" rel=\"noopener\">https:\/\/www.magdeburger-news.de\/?this=frame&#038;c=20230911080242<\/a><\/p>\n<p>Magische Momente beim LUMAGICA-Feuerwerk am 28. Oktober 2023 in Magdeburg<br \/>\n<a href=\"https:\/\/www.magdeburger-news.de\/?this=frame&#038;c=20231023141239\" target=\"_blank\" rel=\"noopener\">https:\/\/www.magdeburger-news.de\/?this=frame&#038;c=20231023141239<\/a><\/p>\n<p>FREIZEIT<br \/>\nMagdeburger Lichterwelt Lumagica: So viele Besucher waren schon da<br \/>\n<a href=\"https:\/\/www.volksstimme.de\/lokal\/magdeburg\/lumagica-magdeburg-elbauenpark-lichterwelt-besucher-bilanz-lichterfest-2023-3716697\" target=\"_blank\" rel=\"noopener\">https:\/\/www.volksstimme.de\/lokal\/magdeburg\/lumagica-magdeburg-elbauenpark-lichterwelt-besucher-bilanz-lichterfest-2023-3716697<\/a><\/p>\n<p>**********************************<\/p>\n<p>XXL-Eiskristall in Heringsdorf | NDR.de &#8211; Fernsehen &#8211; Sendungen \u2026<br \/>\n<a href=\"https:\/\/www.ndr.de\/fernsehen\/sendungen\/nordtour\/XXL-Eiskristall-in-Heringsdorf,nordtour18904.html\" rel=\"noopener\" target=\"_blank\">https:\/\/www.ndr.de\/fernsehen\/sendungen\/nordtour\/XXL-Eiskristall-in-Heringsdorf,nordtour18904.html<\/a><\/p>\n<p>Riesiges Labyrinth soll Winter-Touristen locken &#8211; Nordkurier.de<br \/>\n<a href=\"https:\/\/www.nordkurier.de\/regional\/usedom\/riesiges-labyrinth-soll-winter-touristen-locken-1399232\" rel=\"noopener\" target=\"_blank\">https:\/\/www.nordkurier.de\/regional\/usedom\/riesiges-labyrinth-soll-winter-touristen-locken-1399232<\/a><\/p>\n<p>Drohnen und Feuerwerk<br \/>\nSpektakul\u00e4re Show zum Abschied: Tropicana Hotel in Las Vegas gesprengt<br \/>\n<a href=\"https:\/\/www.gmx.net\/magazine\/panorama\/spektakulaere-show-abschied-tropicana-hotel-las-vegas-gesprengt-40215692#.homepage.four_17_Panorama.Spektakul%C3%A4re%20Show%20zum%20Abschied:%20Tropicana%20Hotel%20in%20Las%20Vegas%20gesprengt.1\" rel=\"noopener\" target=\"_blank\">https:\/\/www.gmx.net\/magazine\/panorama\/spektakulaere-show-abschied-tropicana-hotel-las-vegas-gesprengt-40215692#.homepage.four_17_Panorama.Spektakul%C3%A4re%20Show%20zum%20Abschied:%20Tropicana%20Hotel%20in%20Las%20Vegas%20gesprengt.1<\/a><\/p>\n<p>Galaxie der Lichter \u2022 LUMAGICA-Special-Event am 11. Oktober 2024 in Magdeburg<br \/>\n<a href=\"https:\/\/www.magdeburger-news.de\/?this=frame&#038;c=20240916205843\" target=\"_blank\" rel=\"noopener\">https:\/\/www.magdeburger-news.de\/?this=frame&#038;c=20240916205843<\/a><\/p>\n<p>&#8222;Magische Welten&#8220;<br \/>\nFunkeln \u00fcber Funkeln: Lichtershow &#8222;Lumagica&#8220; gastiert in Magdeburg<br \/>\n<a href=\"https:\/\/www.volksstimme.de\/lokal\/magdeburg\/lumagica-lichtershow-elbauenpark-tickets-preise-oeffnungszeiten-veranstaltungen-hoehepunkte-lichterpark-3898462\" target=\"_blank\" rel=\"noopener\">https:\/\/www.volksstimme.de\/lokal\/magdeburg\/lumagica-lichtershow-elbauenpark-tickets-preise-oeffnungszeiten-veranstaltungen-hoehepunkte-lichterpark-3898462<\/a><\/p>\n<p>Spektakul\u00e4re Lichtshow in Magdeburg gestartet<br \/>\n220 Lichter und Installationen im Test: Lohnt sich der Besuch?<br \/>\n<a href=\"https:\/\/www.volksstimme.de\/lokal\/magdeburg\/220-lichter-und-installationen-im-test-lohnt-sich-der-besuch-4032698\" target=\"_blank\">https:\/\/www.volksstimme.de\/lokal\/magdeburg\/220-lichter-und-installationen-im-test-lohnt-sich-der-besuch-4032698<\/a><\/p>\n","protected":false},"excerpt":{"rendered":"<p>\u0b90\u01b8\u0335\u0321\u04dc\u0335\u0328\u0304\u01b7\u0b90 \u0b90\u01b8\u0335\u0321\u04dc\u0335\u0328\u0304\u01b7\u0b90 \u0b90\u01b8\u0335\u0321\u04dc\u0335\u0328\u0304\u01b7\u0b90 \u0b90\u01b8\u0335\u0321\u04dc\u0335\u0328\u0304\u01b7\u0b90 \u0b90\u01b8\u0335\u0321\u04dc\u0335\u0328\u0304\u01b7\u0b90 \u0b90\u01b8\u0335\u0321\u04dc\u0335\u0328\u0304\u01b7\u0b90 \u0b90\u01b8\u0335\u0321\u04dc\u0335\u0328\u0304\u01b7\u0b90 \u0b90\u01b8\u0335\u0321\u04dc\u0335\u0328\u0304\u01b7\u0b90 \u0b90\u01b8\u0335\u0321\u04dc\u0335\u0328\u0304\u01b7\u0b90 http:\/\/www.gmx.net\/themen\/lifestyle\/bildergalerien\/bilder\/16a1460-rauch-kunst : \u0b90\u01b8\u0335\u0321\u04dc\u0335\u0328\u0304\u01b7\u0b90 \u0b90\u01b8\u0335\u0321\u04dc\u0335\u0328\u0304\u01b7\u0b90 \u0b90\u01b8\u0335\u0321\u04dc\u0335\u0328\u0304\u01b7\u0b90 \u0b90\u01b8\u0335\u0321\u04dc\u0335\u0328\u0304\u01b7\u0b90 \u0b90\u01b8\u0335\u0321\u04dc\u0335\u0328\u0304\u01b7\u0b90 \u0b90\u01b8\u0335\u0321\u04dc\u0335\u0328\u0304\u01b7\u0b90 \u0b90\u01b8\u0335\u0321\u04dc\u0335\u0328\u0304\u01b7\u0b90 \u0b90\u01b8\u0335\u0321\u04dc\u0335\u0328\u0304\u01b7\u0b90 \u0b90\u01b8\u0335\u0321\u04dc\u0335\u0328\u0304\u01b7\u0b90 http:\/\/www.gmx.net\/themen\/finanzen\/wirtschaft\/00ahsm8-fiat-nackten-frauen \u0b90\u01b8\u0335\u0321\u04dc\u0335\u0328\u0304\u01b7\u0b90 \u0b90\u01b8\u0335\u0321\u04dc\u0335\u0328\u0304\u01b7\u0b90 \u0b90\u01b8\u0335\u0321\u04dc\u0335\u0328\u0304\u01b7\u0b90 \u0b90\u01b8\u0335\u0321\u04dc\u0335\u0328\u0304\u01b7\u0b90 \u0b90\u01b8\u0335\u0321\u04dc\u0335\u0328\u0304\u01b7\u0b90 \u0b90\u01b8\u0335\u0321\u04dc\u0335\u0328\u0304\u01b7\u0b90 \u0b90\u01b8\u0335\u0321\u04dc\u0335\u0328\u0304\u01b7\u0b90 \u0b90\u01b8\u0335\u0321\u04dc\u0335\u0328\u0304\u01b7\u0b90 \u0b90\u01b8\u0335\u0321\u04dc\u0335\u0328\u0304\u01b7\u0b90 http:\/\/www.rp-online.de\/kultur\/buch\/ipad-toaster-fahrrad-in-einzelteilen-1.3641787 http:\/\/www.rp-online.de\/kultur\/kunst\/autofriedhoefe-vergessen-im-wald-1.3546477 http:\/\/www.rp-online.de\/kultur\/buch\/bausuenden-wohin-man-schaut-1.3638481 http:\/\/www.rp-online.de\/kultur\/buch\/das-sind-die-hippsten-huetten-der-welt-1.3472971 http:\/\/www.gmx.net\/themen\/lifestyle\/bildergalerien\/bilder\/56at1d8-au-backe-baerte-bart-weltmeisterschaft#.focus.Au%20Backe,%20was%20f%C3%BCr%20B%C3%A4rte!.467.1014 &#8212;&#8212;&#8212;&#8212;&#8212;&#8212;&#8212;&#8212;&#8212;&#8212;&#8212;&#8212;&#8212;&#8212;&#8212;&#8212;&#8212;&#8212;&#8212;&#8212;&#8212;- Festival of Lights : &hellip; <a href=\"http:\/\/www.sabinewenig.de\/myblog\/?p=4368\">Weiterlesen <span class=\"meta-nav\">&rarr;<\/span><\/a><\/p>\n","protected":false},"author":1,"featured_media":0,"comment_status":"closed","ping_status":"closed","sticky":false,"template":"","format":"standard","meta":{"ngg_post_thumbnail":0,"footnotes":""},"categories":[1,14,91,68,70,111,127,50],"tags":[19,211,194,195,63,227,186],"class_list":["post-4368","post","type-post","status-publish","format-standard","hentry","category-allgemein","category-bilder-galerie","category-genial","category-gequassel","category-kunst","category-lustig","category-schon","category-tips","tag-galerie","tag-genial","tag-gequassel","tag-kunst","tag-langeweile","tag-lustig","tag-tips"],"_links":{"self":[{"href":"http:\/\/www.sabinewenig.de\/myblog\/index.php?rest_route=\/wp\/v2\/posts\/4368","targetHints":{"allow":["GET"]}}],"collection":[{"href":"http:\/\/www.sabinewenig.de\/myblog\/index.php?rest_route=\/wp\/v2\/posts"}],"about":[{"href":"http:\/\/www.sabinewenig.de\/myblog\/index.php?rest_route=\/wp\/v2\/types\/post"}],"author":[{"embeddable":true,"href":"http:\/\/www.sabinewenig.de\/myblog\/index.php?rest_route=\/wp\/v2\/users\/1"}],"replies":[{"embeddable":true,"href":"http:\/\/www.sabinewenig.de\/myblog\/index.php?rest_route=%2Fwp%2Fv2%2Fcomments&post=4368"}],"version-history":[{"count":0,"href":"http:\/\/www.sabinewenig.de\/myblog\/index.php?rest_route=\/wp\/v2\/posts\/4368\/revisions"}],"wp:attachment":[{"href":"http:\/\/www.sabinewenig.de\/myblog\/index.php?rest_route=%2Fwp%2Fv2%2Fmedia&parent=4368"}],"wp:term":[{"taxonomy":"category","embeddable":true,"href":"http:\/\/www.sabinewenig.de\/myblog\/index.php?rest_route=%2Fwp%2Fv2%2Fcategories&post=4368"},{"taxonomy":"post_tag","embeddable":true,"href":"http:\/\/www.sabinewenig.de\/myblog\/index.php?rest_route=%2Fwp%2Fv2%2Ftags&post=4368"}],"curies":[{"name":"wp","href":"https:\/\/api.w.org\/{rel}","templated":true}]}}