{"id":42612,"date":"2018-02-02T12:42:50","date_gmt":"2018-02-02T11:42:50","guid":{"rendered":"http:\/\/www.sabinewenig.de\/myblog\/?p=42612"},"modified":"2024-06-24T10:45:11","modified_gmt":"2024-06-24T09:45:11","slug":"fruehling-und-doch-wieder-winter-und-valentinstag","status":"publish","type":"post","link":"http:\/\/www.sabinewenig.de\/myblog\/?p=42612","title":{"rendered":"Winter, \u2740\u2698\u2740  Fr\u00fchling , wieder Winter &#8211;  Valentinstag u.  Fasching"},"content":{"rendered":"<p>\u2740\u2698\u2740 \u2740\u2698\u2740 \u2740\u2698\u2740 \u2740\u2698\u2740 \u2740\u2698\u2740 \u2740\u2698\u2740 \u2740\u2698\u2740 \u2740\u2698\u2740 \u2740\u2698\u2740 \u2740\u2698\u2740 \u2740\u2698\u2740 \u2740\u2698\u2740 \u2740\u2698\u2740 \u2740\u2698\u2740 \u2740\u2698\u2740<\/p>\n<p>Reise News: <strong>Valentinstag<\/strong><br \/>\n&#8211; au\u00dfergew\u00f6hnliche Unterk\u00fcnfte f\u00fcr Paare zum Tag der Liebe :<br \/>\n<a href=\"http:\/\/magdeburger-news.de\/?this=frame&amp;c=20180201201159\" target=\"_blank\" rel=\"noopener\">http:\/\/magdeburger-news.de\/?this=frame&amp;c=20180201201159<\/a><\/p>\n<p>Zoo Magdeburg: Valentinstag mit zoologischen Rundgang :<br \/>\n<a href=\"http:\/\/magdeburger-news.de\/?this=frame&amp;c=20180206113000\" target=\"_blank\" rel=\"noopener\">http:\/\/magdeburger-news.de\/?this=frame&amp;c=20180206113000<\/a><\/p>\n<p>Reise News: Valentinstags-Trend 2018 &#8211; Romantik im privaten Spa :<br \/>\n<a href=\"http:\/\/magdeburger-news.de\/?this=frame&amp;c=20180210185908\" target=\"_blank\" rel=\"noopener\">http:\/\/magdeburger-news.de\/?this=frame&amp;c=20180210185908<\/a><\/p>\n<p><a href=\"http:\/\/news.ifolor.de\/optiext\/optiextension.dll?ID=6yz6DrDX5I8Qbz9S1ZcIBL8czS6NgxPGHCZvhWKGNV_UVrbQZJLXmFBi3Kl11u_kd0pGQbkPePvablGZRz_dMgF09efIv\" target=\"_blank\" rel=\"noopener\">http:\/\/news.ifolor.de\/optiext\/optiextension.dll?ID=6yz6DrDX5I8Qbz9S1ZcIBL8czS6NgxPGHCZvhWKGNV_UVrbQZJLXmFBi3Kl11u_kd0pGQbkPePvablGZRz_dMgF09efIv<\/a><\/p>\n<p>Heute ist Valentinstag! Ausgehtipps in Magdeburg<br \/>\n<a href=\"http:\/\/magdeburger-news.de\/?this=frame&amp;cut=1&amp;c=20180213141522\" target=\"_blank\" rel=\"noopener\">http:\/\/magdeburger-news.de\/?this=frame&amp;cut=1&amp;c=20180213141522<\/a><\/p>\n<p>https:\/\/www.rewe.de\/ernaehrung\/date-rezepte\/?ecid=crm_mznl_markt_kw07_banner_date_nn_nn_nn<\/p>\n<p><a href=\"http:\/\/magdeburger-news.de\/?this=frame&amp;cut=2&amp;c=20180213174436\" target=\"_blank\" rel=\"noopener\">http:\/\/magdeburger-news.de\/?this=frame&amp;cut=2&amp;c=20180213174436<\/a><\/p>\n<p><a href=\"https:\/\/www.gmx.net\/magazine\/news\/hot\/suesse-liebesbrief-jungen-begeistert-netz-32806006#.homepage.channel2_7_Hot.Was%20f%C3%BCr%20eine%20geniale%20Antwort!.1\" target=\"_blank\" rel=\"noopener\">https:\/\/www.gmx.net\/magazine\/news\/hot\/suesse-liebesbrief-jungen-begeistert-netz-32806006#.homepage.channel2_7_Hot.Was%20f%C3%BCr%20eine%20geniale%20Antwort!.1<\/a><\/p>\n<p><a href=\"https:\/\/www.gmx.net\/magazine\/leben\/hot\/besten-bilder-welt-aufnahmen-32210390#.homepage.single_7_Hot.Da%20kann%20man%20nicht%20wegsehen.0\" target=\"_blank\" rel=\"noopener\">https:\/\/www.gmx.net\/magazine\/leben\/hot\/besten-bilder-welt-aufnahmen-32210390#.homepage.single_7_Hot.Da%20kann%20man%20nicht%20wegsehen.0<\/a><\/p>\n<p>&#8212;&#8212;&#8212;&#8212;&#8212;&#8212;&#8212;&#8212;&#8212;&#8212;&#8212;&#8212;&#8212;&#8212;&#8212;&#8212;&#8212;<\/p>\n<p><img loading=\"lazy\" decoding=\"async\" class=\"alignnone size-full wp-image-45018\" src=\"http:\/\/www.sabinewenig.de\/myblog\/wp-content\/uploads\/2018\/02\/IMG_7820_kl.jpg\" alt=\"\" width=\"256\" height=\"192\"> <img loading=\"lazy\" decoding=\"async\" class=\"alignnone size-full wp-image-45019\" src=\"http:\/\/www.sabinewenig.de\/myblog\/wp-content\/uploads\/2018\/02\/IMG_7821_kl.jpg\" alt=\"\" width=\"256\" height=\"192\"><\/p>\n<p>Wetter Online: Es wird immer k\u00e4lter :<br \/>\n<a href=\"http:\/\/magdeburger-news.de\/?this=frame&amp;cut=2&amp;c=20180201141437\" target=\"_blank\" rel=\"noopener\">http:\/\/magdeburger-news.de\/?this=frame&amp;cut=2&amp;c=20180201141437<\/a><\/p>\n<p><strong>Winter<\/strong> zur\u00fcck :<br \/>\nhttps:\/\/www.gmx.net\/magazine\/panorama\/wetter-deutschland-schnee-frost-winter-zurueck-32782526#.homepage.hero.Jetzt%20kommt%20der%20Winter%20zur%C3%BCck.1<\/p>\n<p>Klimareport: Jahresbeginn mit extremen Temperaturen<br \/>\n<a href=\"http:\/\/magdeburger-news.de\/?this=frame&amp;cut=2&amp;c=20180215151802\" target=\"_blank\" rel=\"noopener\">http:\/\/magdeburger-news.de\/?this=frame&amp;cut=2&amp;c=20180215151802<\/a><\/p>\n<p>https:\/\/www.gmx.net\/magazine\/panorama\/wetter\/deutschland-wetter-wochenende-kraeftige-schneefaelle-aussicht-32806350#.homepage.hero.Wetter%3A%20Kr%C3%A4ftige%20Schneef%C3%A4lle%20in%20Aussicht.4<\/p>\n<p><img loading=\"lazy\" decoding=\"async\" class=\"alignnone size-full wp-image-45021\" src=\"http:\/\/www.sabinewenig.de\/myblog\/wp-content\/uploads\/2018\/02\/IMG_7828.jpg\" alt=\"\" width=\"256\" height=\"192\">&nbsp;<img loading=\"lazy\" decoding=\"async\" class=\"alignnone size-full wp-image-45022\" src=\"http:\/\/www.sabinewenig.de\/myblog\/wp-content\/uploads\/2018\/02\/IMG_7829.jpg\" alt=\"\" width=\"256\" height=\"192\"><br \/>\n<img loading=\"lazy\" decoding=\"async\" class=\"alignnone size-full wp-image-45023\" src=\"http:\/\/www.sabinewenig.de\/myblog\/wp-content\/uploads\/2018\/02\/IMG_7830.jpg\" alt=\"\" width=\"256\" height=\"192\"><\/p>\n<p>Eiskalt erwischt: Der Winter hat Deutschland fest im Griff<br \/>\n<a href=\"http:\/\/magdeburger-news.de\/?this=frame&amp;c=20180226103008\" target=\"_blank\" rel=\"noopener\">http:\/\/magdeburger-news.de\/?this=frame&amp;c=20180226103008<\/a><\/p>\n<p>Frost, Schnee und Sonne: Heute muss Deutschland noch einmal bibbern<br \/>\n<a href=\"http:\/\/magdeburger-news.de\/?this=frame&amp;cut=1&amp;c=20180228115833\" target=\"_blank\" rel=\"noopener\">http:\/\/magdeburger-news.de\/?this=frame&amp;cut=1&amp;c=20180228115833<\/a><\/p>\n<p>https:\/\/www.gmx.net\/magazine\/panorama\/wetter\/wetter-aktuell-kaelte-meteorologischer-fruehlingsanfang-waermer-32829184#.homepage.hero.Wetter%3A%20Fr%C3%BChling%20beginnt%20eiskalt%20-%20aber%20dann!.3<\/p>\n<p>Magdeburger News | Die erste beheizte Haltestelle in Magdeburg :<br \/>\n<a href=\"http:\/\/magdeburger-news.de\/index.php?this=frame&amp;c=20180302091122&amp;ref=facebook\" target=\"_blank\" rel=\"noopener\">http:\/\/magdeburger-news.de\/index.php?this=frame&amp;c=20180302091122&amp;ref=facebook<\/a><\/p>\n<p>Eisige Temperaturen: Deutschland zwischen Frost und Freude<br \/>\n<a href=\"http:\/\/magdeburger-news.de\/?this=frame&amp;cut=1&amp;c=20180303094103\" target=\"_blank\" rel=\"noopener\">http:\/\/magdeburger-news.de\/?this=frame&amp;cut=1&amp;c=20180303094103<\/a><\/p>\n<p><img loading=\"lazy\" decoding=\"async\" class=\"alignnone size-full wp-image-45024\" src=\"http:\/\/www.sabinewenig.de\/myblog\/wp-content\/uploads\/2018\/02\/IMG_7848.jpg\" alt=\"\" width=\"256\" height=\"192\">&nbsp;<img loading=\"lazy\" decoding=\"async\" class=\"alignnone size-full wp-image-45025\" src=\"http:\/\/www.sabinewenig.de\/myblog\/wp-content\/uploads\/2018\/02\/IMG_7849.jpg\" alt=\"\" width=\"256\" height=\"192\"><\/p>\n<p>Winter ad\u00e9 :<br \/>\n<a href=\"https:\/\/www.gmx.net\/magazine\/panorama\/wetter\/wetter-deutschland-fruehling-zeigt-grund-freude-32835330\" target=\"_blank\" rel=\"noopener\">https:\/\/www.gmx.net\/magazine\/panorama\/wetter\/wetter-deutschland-fruehling-zeigt-grund-freude-32835330<\/a><\/p>\n<p>Wetter aktuell: M\u00e4rz-Schnee bringt den Winter zur\u00fcck :<br \/>\nhttps:\/\/www.gmx.net\/magazine\/panorama\/wetter\/wetter-aktuell-maerzschnee-bringt-winter-zurueck-32876902#.homepage.hero.Der%20M%C3%A4rz%20bringt%20den%20Winter%20zur%C3%BCck.0<\/p>\n<p>Der Winter gibt noch mal alles<br \/>\n<a href=\"http:\/\/magdeburger-news.de\/?this=frame&amp;cut=8&amp;c=20180318101949\" target=\"_blank\" rel=\"noopener\">http:\/\/magdeburger-news.de\/?this=frame&amp;cut=8&amp;c=20180318101949<\/a><\/p>\n<p>K\u00e4lte kommt zur\u00fcck :<br \/>\nhttps:\/\/www.gmx.net\/magazine\/panorama\/wetter\/wetter-deutschland-fruehling-erneute-pause-ostern-kaelte-zurueck-32887142#.homepage.hero.Die%20K%C3%A4lte%20kommt%20wieder%20zur%C3%BCck.0<\/p>\n<p>Deutschlandwetter im M\u00e4rz 2018: Ein insgesamt kalter M\u00e4rz, im Norden und Osten nochmal Schnee<br \/>\n<a href=\"http:\/\/magdeburger-news.de\/?this=frame&amp;c=20180329130649\" target=\"_blank\" rel=\"noopener\">http:\/\/magdeburger-news.de\/?this=frame&amp;c=20180329130649<\/a><\/p>\n<p><img loading=\"lazy\" decoding=\"async\" class=\"alignnone size-full wp-image-45026\" src=\"http:\/\/www.sabinewenig.de\/myblog\/wp-content\/uploads\/2018\/02\/IMG_7850.jpg\" alt=\"\" width=\"256\" height=\"192\">&nbsp;<img loading=\"lazy\" decoding=\"async\" class=\"alignnone size-full wp-image-45027\" src=\"http:\/\/www.sabinewenig.de\/myblog\/wp-content\/uploads\/2018\/02\/IMG_7851.jpg\" alt=\"\" width=\"256\" height=\"192\"><\/p>\n<p>****************************************************<\/p>\n<p><img loading=\"lazy\" decoding=\"async\" class=\"alignnone size-full wp-image-44960\" src=\"http:\/\/www.sabinewenig.de\/myblog\/wp-content\/uploads\/2018\/02\/IMG_8630_kl.jpg\" alt=\"\" width=\"256\" height=\"192\">&nbsp;<img loading=\"lazy\" decoding=\"async\" class=\"alignnone size-full wp-image-44970\" src=\"http:\/\/www.sabinewenig.de\/myblog\/wp-content\/uploads\/2018\/02\/IMG_8665_kl.jpg\" alt=\"\" width=\"256\" height=\"192\"><\/p>\n<p><strong>Fr\u00fchling<\/strong>haftes Wetter &#8211; viel zu warm f\u00fcr Winter :<br \/>\nhttps:\/\/www.rundschau-online.de\/aus-aller-welt\/mehr-als-16-grad-knapp-am-waermerekord-vorbei&#8212;nachts-stuermisch-und-regnerisch-29413964<\/p>\n<p>Adebar: Die ersten St\u00f6rche sind schon zur\u00fcck :<br \/>\n<a href=\"http:\/\/magdeburger-news.de\/?this=frame&amp;cut=4&amp;c=20180205122732\" target=\"_blank\" rel=\"noopener\">http:\/\/magdeburger-news.de\/?this=frame&amp;cut=4&amp;c=20180205122732<\/a><\/p>\n<p>Messe &#8222;Gartentr\u00e4ume&#8220; zeigt Trends f\u00fcr die neue Saison :<br \/>\n<a href=\"http:\/\/magdeburger-news.de\/?this=frame&amp;cut=2&amp;c=20180207142231\" target=\"_blank\" rel=\"noopener\">http:\/\/magdeburger-news.de\/?this=frame&amp;cut=2&amp;c=20180207142231<\/a><\/p>\n<p><img loading=\"lazy\" decoding=\"async\" class=\"alignnone size-full wp-image-45003\" src=\"http:\/\/www.sabinewenig.de\/myblog\/wp-content\/uploads\/2018\/02\/IMG_8680_kl.jpg\" alt=\"\" width=\"192\" height=\"256\"><\/p>\n<p>Schneegl\u00f6ckchenreise nach Schottland und England &#8211; Gartenreisen :<br \/>\n&#8211; http:\/\/www.laade-gartenreisen.de\/events\/schneegloeckchenreise-schottland-2\/<br \/>\n&#8211; http:\/\/olivareisen.at\/reisen\/schneegloeckchenbluete-und-rhs-fruehlingsshow-london\/<br \/>\n&#8211; <a href=\"https:\/\/www.iris-ney.de\/70\/Gartenreisen-nach-England-und-Schottland.htm\" target=\"_blank\" rel=\"noopener\">https:\/\/www.iris-ney.de\/70\/Gartenreisen-nach-England-und-Schottland.htm<\/a><br \/>\n&#8211; <a href=\"https:\/\/www.iris-ney.de\/51\/Gartenreisen-nach-England-und-Schottland\/Galanthour.htm\" target=\"_blank\" rel=\"noopener\">https:\/\/www.iris-ney.de\/51\/Gartenreisen-nach-England-und-Schottland\/Galanthour.htm<\/a><br \/>\n&#8211; http:\/\/www.baur-gartenreisen.de\/de\/rhs\/zur-schneegloeckchenbluete-nach-england.html<br \/>\n&#8211; <a href=\"http:\/\/www.gartenlinksammlung.de\/Gartenpfade\/niederlande_schneegloeckchenfahrt.html\" target=\"_blank\" rel=\"noopener\">http:\/\/www.gartenlinksammlung.de\/Gartenpfade\/niederlande_schneegloeckchenfahrt.html<\/a><br \/>\n&#8211; http:\/\/www.gartenliteratur-forum.de\/archive\/index.php\/t-484.html<\/p>\n<p>Der Fr\u00fchling naht: Die ersten St\u00f6rche kehren aus dem S\u00fcden zur\u00fcck<br \/>\n<a href=\"http:\/\/magdeburger-news.de\/?this=frame&amp;c=20180311104924\" target=\"_blank\" rel=\"noopener\">http:\/\/magdeburger-news.de\/?this=frame&amp;c=20180311104924<\/a><\/p>\n<p>Fr\u00fchlingserwachen mit farbenfrohem Bl\u00fctenarrangement<br \/>\n<a href=\"http:\/\/magdeburger-news.de\/?this=frame&amp;cut=1&amp;c=20180328100813\" target=\"_blank\" rel=\"noopener\">http:\/\/magdeburger-news.de\/?this=frame&amp;cut=1&amp;c=20180328100813<\/a><\/p>\n<p>P\u00fcnktlich zum Fr\u00fchlingsbeginn kommen die Schwalben zur\u00fcck nach Deutschland<br \/>\n<a href=\"http:\/\/magdeburger-news.de\/?this=frame&amp;cut=2&amp;c=20180328090648\" target=\"_blank\" rel=\"noopener\">http:\/\/magdeburger-news.de\/?this=frame&amp;cut=2&amp;c=20180328090648<\/a><\/p>\n<p><a href=\"https:\/\/www.gmx.net\/magazine\/gesundheit\/fruehlingssonne-unterschaetzte-gefahr-32888800#.homepage.hero.Brandgef%C3%A4hrliche%20Fr%C3%BChlingssonne.1\" rel=\"noopener\" target=\"_blank\">https:\/\/www.gmx.net\/magazine\/gesundheit\/fruehlingssonne-unterschaetzte-gefahr-32888800#.homepage.hero.Brandgef%C3%A4hrliche%20Fr%C3%BChlingssonne.1<\/a><\/p>\n<p>Sch\u00f6nebeck: Erlebter Fr\u00fchling mit Hummel &#038; Co.<br \/>\n<a href=\"http:\/\/magdeburger-news.de\/?this=frame&#038;cut=1&#038;c=20180413104637\" rel=\"noopener\" target=\"_blank\">http:\/\/magdeburger-news.de\/?this=frame&#038;cut=1&#038;c=20180413104637<\/a><\/p>\n<p><img loading=\"lazy\" decoding=\"async\" class=\"alignnone size-full wp-image-44960\" src=\"http:\/\/www.sabinewenig.de\/myblog\/wp-content\/uploads\/2018\/02\/IMG_8874_kl.jpg\" alt=\"\" width=\"256\" height=\"192\">&nbsp;<img loading=\"lazy\" decoding=\"async\" class=\"alignnone size-full wp-image-44970\" src=\"http:\/\/www.sabinewenig.de\/myblog\/wp-content\/uploads\/2018\/02\/IMG_8875_kl.jpg\" alt=\"\" width=\"256\" height=\"192\"><br \/>\n<img loading=\"lazy\" decoding=\"async\" class=\"alignnone size-full wp-image-44960\" src=\"http:\/\/www.sabinewenig.de\/myblog\/wp-content\/uploads\/2018\/02\/IMG_8881_kl.jpg\" alt=\"\" width=\"256\" height=\"192\">&nbsp;<img loading=\"lazy\" decoding=\"async\" class=\"alignnone size-full wp-image-44970\" src=\"http:\/\/www.sabinewenig.de\/myblog\/wp-content\/uploads\/2018\/02\/IMG_8882_kl.jpg\" alt=\"\" width=\"256\" height=\"192\"><\/p>\n<p>*****************************************************<\/p>\n<p><strong>Fasching Karneval<\/strong> :<br \/>\nhttps:\/\/www.gmx.net\/magazine\/unterhaltung\/lifestyle\/karneval\/karneval-2018-betrunkener-verkleidung-polizei-twittert-faschingsvideo-32791302#.homepage.channel2_7_Hot.Betrunkener%20ist%20keine%20Verkleidung.0<\/p>\n<p>https:\/\/blog.ebay-kleinanzeigen.de\/fasching-7-last-minute-kostume-fur-dich\/?utm_source=email&#038;utm_medium=newsletter&#038;utm_campaign=magazin_18_W06&#038;utm_content=blog_fasching_f<\/p>\n<p>Magdeburg: Hinweise der Polizei f\u00fcr eine ungetr\u00fcbte Faschingszeit :<br \/>\n<a href=\"http:\/\/magdeburger-news.de\/?this=frame&amp;cut=1&amp;c=20180208094825\" target=\"_blank\" rel=\"noopener\">http:\/\/magdeburger-news.de\/?this=frame&amp;cut=1&amp;c=20180208094825<\/a><\/p>\n<p>Helau ohne Wauwau &#8211; Fasching lieber ohne Hund :<br \/>\n<a href=\"http:\/\/magdeburger-news.de\/?this=frame&amp;cut=1&amp;c=20180208165344\" target=\"_blank\" rel=\"noopener\">http:\/\/magdeburger-news.de\/?this=frame&amp;cut=1&amp;c=20180208165344<\/a><\/p>\n<p>https:\/\/www.gmx.net\/magazine\/unterhaltung\/lifestyle\/miss-internet\/miss-germany-2018-harter-sport-heisse-shootings-missencamp-32796484#.homepage.topSlideshowsTeaser.Harter%20Sport%20und%20hei%C3%9Fe%20Shootings.0<\/p>\n<p>Tipps gegen Kater :<br \/>\n<a href=\"http:\/\/magdeburger-news.de\/?this=frame&amp;c=20180212090947\" target=\"_blank\" rel=\"noopener\">http:\/\/magdeburger-news.de\/?this=frame&amp;c=20180212090947<\/a><\/p>\n<p>5 spannende Rechtsfragen zu Karneval<br \/>\n<a href=\"http:\/\/magdeburger-news.de\/?this=frame&amp;c=20180211192041\" target=\"_blank\" rel=\"noopener\">http:\/\/magdeburger-news.de\/?this=frame&amp;c=20180211192041<\/a><\/p>\n<p><a href=\"https:\/\/www.gmx.net\/magazine\/auto\/ratgeber\/fuenfte-jahreszeit-autofahren-alkoholeinfluss-kavaliersdelikt-32797590\" target=\"_blank\" rel=\"noopener\">https:\/\/www.gmx.net\/magazine\/auto\/ratgeber\/fuenfte-jahreszeit-autofahren-alkoholeinfluss-kavaliersdelikt-32797590<\/a><\/p>\n<p>*************************************************************<\/p>\n<p><strong>Eisbaden :<\/strong><strong><br \/>\n<a href=\"http:\/\/magdeburger-news.de\/?this=frame&amp;cut=1&amp;c=20180215151912\">http:\/\/magdeburger-news.de\/?this=frame&amp;cut=1&amp;c=20180215151912<\/a><\/strong><\/p>\n<p>\u2740\u2698\u2740 \u2740\u2698\u2740 \u2740\u2698\u2740 \u2740\u2698\u2740 \u2740\u2698\u2740 \u2740\u2698\u2740 \u2740\u2698\u2740 \u2740\u2698\u2740 \u2740\u2698\u2740 \u2740\u2698\u2740 \u2740\u2698\u2740 \u2740\u2698\u2740 \u2740\u2698\u2740 \u2740\u2698\u2740 \u2740\u2698\u2740 \u2740\u2698\u2740 \u2740\u2698\u2740 \u2740\u2698\u2740 \u2740\u2698\u2740<\/p>\n","protected":false},"excerpt":{"rendered":"<p>\u2740\u2698\u2740 \u2740\u2698\u2740 \u2740\u2698\u2740 \u2740\u2698\u2740 \u2740\u2698\u2740 \u2740\u2698\u2740 \u2740\u2698\u2740 \u2740\u2698\u2740 \u2740\u2698\u2740 \u2740\u2698\u2740 \u2740\u2698\u2740 \u2740\u2698\u2740 \u2740\u2698\u2740 \u2740\u2698\u2740 \u2740\u2698\u2740 Reise News: Valentinstag &#8211; au\u00dfergew\u00f6hnliche Unterk\u00fcnfte f\u00fcr Paare zum Tag der Liebe : http:\/\/magdeburger-news.de\/?this=frame&amp;c=20180201201159 Zoo Magdeburg: Valentinstag mit zoologischen Rundgang : http:\/\/magdeburger-news.de\/?this=frame&amp;c=20180206113000 Reise News: Valentinstags-Trend &hellip; <a href=\"http:\/\/www.sabinewenig.de\/myblog\/?p=42612\">Weiterlesen <span class=\"meta-nav\">&rarr;<\/span><\/a><\/p>\n","protected":false},"author":1,"featured_media":0,"comment_status":"closed","ping_status":"closed","sticky":false,"template":"","format":"standard","meta":{"ngg_post_thumbnail":0,"footnotes":""},"categories":[1,64,133,68,123,108,96,151],"tags":[17,190,247,69,224,47,12,263],"class_list":["post-42612","post","type-post","status-publish","format-standard","hentry","category-allgemein","category-feiertage","category-fruhling","category-gequassel","category-kult","category-leben","category-mitteilungen","category-winter","tag-bilder","tag-feiertage","tag-fruhling","tag-gedanken","tag-leben","tag-meckern","tag-mitteilung","tag-winter"],"_links":{"self":[{"href":"http:\/\/www.sabinewenig.de\/myblog\/index.php?rest_route=\/wp\/v2\/posts\/42612","targetHints":{"allow":["GET"]}}],"collection":[{"href":"http:\/\/www.sabinewenig.de\/myblog\/index.php?rest_route=\/wp\/v2\/posts"}],"about":[{"href":"http:\/\/www.sabinewenig.de\/myblog\/index.php?rest_route=\/wp\/v2\/types\/post"}],"author":[{"embeddable":true,"href":"http:\/\/www.sabinewenig.de\/myblog\/index.php?rest_route=\/wp\/v2\/users\/1"}],"replies":[{"embeddable":true,"href":"http:\/\/www.sabinewenig.de\/myblog\/index.php?rest_route=%2Fwp%2Fv2%2Fcomments&post=42612"}],"version-history":[{"count":0,"href":"http:\/\/www.sabinewenig.de\/myblog\/index.php?rest_route=\/wp\/v2\/posts\/42612\/revisions"}],"wp:attachment":[{"href":"http:\/\/www.sabinewenig.de\/myblog\/index.php?rest_route=%2Fwp%2Fv2%2Fmedia&parent=42612"}],"wp:term":[{"taxonomy":"category","embeddable":true,"href":"http:\/\/www.sabinewenig.de\/myblog\/index.php?rest_route=%2Fwp%2Fv2%2Fcategories&post=42612"},{"taxonomy":"post_tag","embeddable":true,"href":"http:\/\/www.sabinewenig.de\/myblog\/index.php?rest_route=%2Fwp%2Fv2%2Ftags&post=42612"}],"curies":[{"name":"wp","href":"https:\/\/api.w.org\/{rel}","templated":true}]}}