{"id":21279,"date":"2015-08-20T10:15:34","date_gmt":"2015-08-20T09:15:34","guid":{"rendered":"http:\/\/www.sabinewenig.de\/myblog\/?p=21279"},"modified":"2017-06-29T10:42:59","modified_gmt":"2017-06-29T09:42:59","slug":"stand-der-dinge","status":"publish","type":"post","link":"http:\/\/www.sabinewenig.de\/myblog\/?p=21279","title":{"rendered":"&#x1f461; Stand der Dinge &#8211; hier noch abgelegt f\u00fcr meine anderen Webprojekte"},"content":{"rendered":"<p>@\/\/(???)\\\\@   @\/\/(???)\\\\@   @\/\/(???)\\\\@   @\/\/(???)\\\\@<\/p>\n<p>Ich lasse diese Seite noch f\u00fcr meine anderen Projekte hier drin, bis diese wieder laufen &#8211; in diesem Projekt sind die links schon eingeordnet.<\/p>\n<p>&#x1f461; &#x1f461; &#x1f461; &#x1f461; &#x1f461; &#x1f461; &#x1f461; &#x1f461; &#x1f461; &#x1f461; &#x1f461; &#x1f461; &#x1f461; &#x1f461; &#x1f461; &#x1f461; &#x1f461; &#x1f461; &#x1f461; &#x1f461; &#x1f461; &#x1f461; &#x1f461; &#x1f461; <\/p>\n<p>Luftikus &#8211; Volksstimmenserie :<br \/>\nhttp:\/\/www.volksstimme.de\/aboservice\/shopping\/1324417_Luftbilder-aus-der-aktuellen-Serie-Luftikus.html<br \/>\nhttps:\/\/www.pictrs.com\/volksstimme\/9079325\/luftikus-magdeburg?l=de<\/p>\n<p>******************************************************<\/p>\n<p>15.9.2015 : Galileo-Bericht : mit alten Handy\u00b4s den Regenwald retten &#8211; Aufruf zum Einschicken alter Handy\u00b4s zur fl\u00e4chendeckenden \u00dcberwachung des Regenwaldes vor verbotenem Baumf\u00e4llen.<br \/>\nhttp:\/\/www.prosieben.de\/tv\/galileo\/videos\/2015252-dienstag-handys-retten-den-regenwald-ganze-folge<br \/>\nhttp:\/\/www.prosieben.de\/tv\/galileo\/videos\/2015252-handys-retten-den-regenwald-clip<br \/>\nhttp:\/\/www.galileo.tv\/videos\/handys-retten-den-regenwald\/<br \/>\nhttp:\/\/neuerdings.com\/2014\/07\/21\/rainforest-connection\/<br \/>\nhttp:\/\/green.wiwo.de\/her-mit-euren-alten-handys-ein-startup-schuetzt-mit-ihnen-den-regenwald\/<br \/>\nhttp:\/\/www.regenwald-schuetzen.org\/spenden-helfen\/ohne-geld-helfen\/handy-recycling.html<br \/>\nhttp:\/\/www.spektrum.de\/news\/smartphones-schuetzen-den-regenwald\/1298126<\/p>\n<blockquote class=\"wp-embedded-content\" data-secret=\"2vWSp921Xl\"><p><a href=\"https:\/\/gute-nachrichten.com.de\/2014\/07\/umwelt\/alte-handys-grosse-hilfe-fuer-den-regenwald\/\">Alte Handys \u2013 gro\u00dfe Hilfe f\u00fcr den Regenwald<\/a><\/p><\/blockquote>\n<p><iframe loading=\"lazy\" class=\"wp-embedded-content\" sandbox=\"allow-scripts\" security=\"restricted\" style=\"position: absolute; visibility: hidden;\" title=\"&#8222;Alte Handys \u2013 gro\u00dfe Hilfe f\u00fcr den Regenwald&#8220; &#8212; Gute Nachrichten\" src=\"https:\/\/gute-nachrichten.com.de\/2014\/07\/umwelt\/alte-handys-grosse-hilfe-fuer-den-regenwald\/embed\/#?secret=TvVVXYzj2G#?secret=2vWSp921Xl\" data-secret=\"2vWSp921Xl\" width=\"600\" height=\"338\" frameborder=\"0\" marginwidth=\"0\" marginheight=\"0\" scrolling=\"no\"><\/iframe><br \/>\nhttp:\/\/www.myvideo.de\/serien\/galileo\/highlights\/handys-retten-regenwald-m-12039795<br \/>\nhttp:\/\/globalmagazin.com\/themen\/natur\/mit-smartphones-den-regenwald-schuetzen\/<br \/>\nhttps:\/\/www.regenwald.org\/regenwaldreport\/2001\/55\/die-handy-gorilla-connection<\/p>\n<p>******************************************************<\/p>\n<p>Habe im TV ein Haus gesehen, da\u00df ich toll fand : im Medienhafen D\u00fcsseldorf &#8211; da klettern &#8222;Leute&#8220; au\u00dfen hoch &#8211; so \u00e4hnlich sieht es bei uns in Magdeburg in der Leiterstr. aus &#8211; nur eben in s\/w und dort in Farbe<\/p>\n<p>4.10.2015 kam von RTL2 um 20.15 Uhr eine besondere Sendung : die besten youtube-Clips (&#8222;Like&#8220; hie\u00df die Sendung) &#8211; z.B.:<br \/>\n&#8211; rainworks &#8211; Bilder auf der Stra\u00dfe, die nur im Wasser (bei Regen) zu sehen sind<br \/>\n&#8211; Pfannkuchenkunst &#8211; jemand machte Gesichter aus Pfannkuchenteich &#8211; auch eine Art Kunst<br \/>\n&#8211; ein Blinder Maler &#8211; was es nicht alles gibt &#8211; malt ganz gut und wird seine Bilder rei\u00dfend los &#8211; Konturen mal er mit schnell trocknender Farbe als Wulst und orientiert sich dann daran mit den Farben<br \/>\n&#8211; Musik (Schallwellen) optisch dargestellt &#8211; z.B. Ringe in Wasser, Blitze, Feuers\u00e4ulen oder Perlen auf dem Lautsprecher<br \/>\n&#8211; SecKing &#8211; 6 Sekunden-Filmchen &#8211; eigentlich nur eine Handyspielerei, im richtigen Moment stoppen und was ver\u00e4ndern und weiter &#8211; aber war schon ganz lustig<br \/>\n&#8211; Hidden Cash &#8211; die 1000 Euro-Schnitzeljagd &#8211; Schatzsuche 2.0 &#8211; Milliard\u00e4r versteckte z.B. in Park das Geld und gab es im Internet bekannt und lockte so die Leute hin und der Webdesigner wurde bekannter (Werbung) &#8211; fand ich ganz lustig, aber es gab nat\u00fcrlich auch Kritik &#8211; die Umweltsch\u00fctzer, weil die Leute leider auch viel verw\u00fcsteten.<br \/>\n&#8211; Ester hatte auch ein sch\u00f6nes Projekt im Internet gestartet : ein Foto von sich reingelegt und alle gebeten : &#8222;Macht mich sch\u00f6n&#8220; &#8211; und es war echt interessant, wie die einzelnen L\u00e4nder sie mit Photoshop gestalteten, was jeder unter &#8222;sch\u00f6n&#8220; empfindet ! Ich h\u00e4tte sie einfach so gelassen &#8211; Sch\u00f6nheit liegt im Auge des Betrachters !<br \/>\n&#8211; Die Aktion&#8220;Humens of <Stadtname>&#8220; (z.B. Berlin usw.) im Internet fand ich auch gut &#8211; werde wohl auch einen Blog &#8222;Humans of Magdeburg&#8220; mal machen. Aber ich glaube, man mu\u00df ziemlich vorsichtig sein, was man \u00fcber wen da reinstellt um die Pers\u00f6nlichkeitsrechte zu wahren &#8211; am besten vorher immer fragen !<\/p>\n<p>Mal was anderes : mit dem Postbus ab 5 Euro durch Deutschland :<br \/>\nhttps:\/\/www.postbus.de\/<\/p>\n<p>cool :<br \/>\nhttps:\/\/www.lesara.de\/kapuzenschal-mit-oehrchen-99153.html<\/p>\n<p>Gartenzwerg :<br \/>\nhttps:\/\/www.lesara.de\/deko-gartenzwerg.html<\/p>\n<p>14.11.2015 um 12:45 Uhr von Arte :  &#8222;Ein Traum von Baum&#8220; &#8211; Platane mitten im Genfer See &#8211; Sage dazu : Liebespaar Boot kenterte und wo er ertrank lies sie Land aufsch\u00fctten und Baum pflanzen<br \/>\nhttp:\/\/www.onlinetvrecorder.com\/v2\/?go=download&#038;epg_id=11322370&#038;title=Ein+Traum+von+Baum<br \/>\nhttps:\/\/de.wikipedia.org\/wiki\/%C3%8Ele_de_Peilz<br \/>\nhttp:\/\/www.arte.tv\/guide\/de\/051051-001\/ein-traum-von-baum<\/p>\n","protected":false},"excerpt":{"rendered":"<p>@\/\/(???)\\\\@ @\/\/(???)\\\\@ @\/\/(???)\\\\@ @\/\/(???)\\\\@ Ich lasse diese Seite noch f\u00fcr meine anderen Projekte hier drin, bis diese wieder laufen &#8211; in diesem Projekt sind die links schon eingeordnet. &#x1f461; &#x1f461; &#x1f461; &#x1f461; &#x1f461; &#x1f461; &#x1f461; &#x1f461; &#x1f461; &#x1f461; &#x1f461; &#x1f461; &hellip; <a href=\"http:\/\/www.sabinewenig.de\/myblog\/?p=21279\">Weiterlesen <span class=\"meta-nav\">&rarr;<\/span><\/a><\/p>\n","protected":false},"author":1,"featured_media":0,"comment_status":"closed","ping_status":"closed","sticky":false,"template":"","format":"standard","meta":{"ngg_post_thumbnail":0,"footnotes":""},"categories":[1],"tags":[],"class_list":["post-21279","post","type-post","status-publish","format-standard","hentry","category-allgemein"],"_links":{"self":[{"href":"http:\/\/www.sabinewenig.de\/myblog\/index.php?rest_route=\/wp\/v2\/posts\/21279","targetHints":{"allow":["GET"]}}],"collection":[{"href":"http:\/\/www.sabinewenig.de\/myblog\/index.php?rest_route=\/wp\/v2\/posts"}],"about":[{"href":"http:\/\/www.sabinewenig.de\/myblog\/index.php?rest_route=\/wp\/v2\/types\/post"}],"author":[{"embeddable":true,"href":"http:\/\/www.sabinewenig.de\/myblog\/index.php?rest_route=\/wp\/v2\/users\/1"}],"replies":[{"embeddable":true,"href":"http:\/\/www.sabinewenig.de\/myblog\/index.php?rest_route=%2Fwp%2Fv2%2Fcomments&post=21279"}],"version-history":[{"count":0,"href":"http:\/\/www.sabinewenig.de\/myblog\/index.php?rest_route=\/wp\/v2\/posts\/21279\/revisions"}],"wp:attachment":[{"href":"http:\/\/www.sabinewenig.de\/myblog\/index.php?rest_route=%2Fwp%2Fv2%2Fmedia&parent=21279"}],"wp:term":[{"taxonomy":"category","embeddable":true,"href":"http:\/\/www.sabinewenig.de\/myblog\/index.php?rest_route=%2Fwp%2Fv2%2Fcategories&post=21279"},{"taxonomy":"post_tag","embeddable":true,"href":"http:\/\/www.sabinewenig.de\/myblog\/index.php?rest_route=%2Fwp%2Fv2%2Ftags&post=21279"}],"curies":[{"name":"wp","href":"https:\/\/api.w.org\/{rel}","templated":true}]}}