{"id":18501,"date":"2015-01-14T14:15:51","date_gmt":"2015-01-14T13:15:51","guid":{"rendered":"http:\/\/www.sabinewenig.de\/myblog\/?p=18501"},"modified":"2025-06-27T10:26:21","modified_gmt":"2025-06-27T09:26:21","slug":"charlie-hebdo","status":"publish","type":"post","link":"http:\/\/www.sabinewenig.de\/myblog\/?p=18501","title":{"rendered":"&#x1f4fa; &#8222;charlie hebdo&#8220; und &#8222;Pegida&#8220;"},"content":{"rendered":"<p><strong>Charlie Hebdo :<\/strong><\/p>\n<p><a title=\"https:\/\/www.google.de\/search?q=charlie-hebdo&amp;oq=charlie-hebdo&amp;aqs=chrome..69i57j0l5.579j0j8&amp;sourceid=chrome&amp;es_sm=0&amp;ie=UTF-8\" href=\"https:\/\/www.google.de\/search?q=charlie-hebdo&amp;oq=charlie-hebdo&amp;aqs=chrome..69i57j0l5.579j0j8&amp;sourceid=chrome&amp;es_sm=0&amp;ie=UTF-8\" target=\"_blank\" rel=\"noopener\">https:\/\/www.google.de\/search?q=charlie-hebdo&amp;oq=charlie-<br \/>\nhebdo&amp;aqs=chrome..69i57j0l5.579j0j8&amp;<br \/>\nsourceid=chrome&amp;es_sm=0&amp;ie=UTF-8<\/a><\/p>\n<p><a title=\"https:\/\/www.google.de\/search?q=charlie-hebdo&amp;tbm=isch&amp;tbo=u&amp;source=univ&amp;sa=X&amp;ei=M2y2VM68IsatU_CJg4gO&amp;ved=0CE0QsAQ&amp;biw=1280&amp;bih=666\" href=\"https:\/\/www.google.de\/search?q=charlie-hebdo&amp;tbm=isch&amp;tbo=u&amp;source=univ&amp;sa=X&amp;ei=M2y2VM68IsatU_CJg4gO&amp;ved=0CE0QsAQ&amp;biw=1280&amp;bih=666\" target=\"_blank\" rel=\"noopener\">https:\/\/www.google.de\/search?q=charlie-<br \/>\nhebdo&amp;tbm=isch&amp;tbo=u&amp;source=univ&amp;<br \/>\nsa=X&amp;ei=M2y2VM68IsatU_CJg4gO&amp;ved=0CE0QsAQ<br \/>\n&amp;biw=1280&amp;bih=666<\/a><\/p>\n<p>Download :<br \/>\nhttp:\/\/kickass.so\/charlie-hebdo-n1177-pdf-parution-le-jour-de-l-attentat-by-hadopix-pdf-t10058225.html<\/p>\n<p>Proteste gegen Charlie Hebdo :<br \/>\nhttp:\/\/www.gmx.net\/magazine\/panorama\/protest-charlie-hebdo-islamischen-laendern-30374024#.homepage.hero.Protest%20gegen%20%22Charlie%20Hebdo%22.0<\/p>\n<p>&#8220;&#8220;&#8220;&#8220;&#8220;&#8220;&#8220;&#8220;&#8220;&#8220;&#8220;&#8220;&#8220;&#8220;&#8220;&#8220;&#8220;&#8220;&#8220;&#8220;&#8220;&#8220;&#8220;&#8220;&#8220;&#8220;&#8220;&#8220;&#8220;&#8220;&#8220;&#8220;&#8220;&#8220;&#8220;&#8220;<\/p>\n<p><strong>Pegida :<\/strong><\/p>\n<p><a href=\"https:\/\/www.google.de\/?gfe_rd=cr&#038;ei=er67U8OyIqyH8QePg4GYDw&#038;gws_rd=ssl#q=pegida\" title=\"https:\/\/www.google.de\/?gfe_rd=cr&#038;ei=er67U8OyIqyH8QePg4GYDw&#038;gws_rd=ssl#q=pegida\" target=\"_blank\" rel=\"noopener\">https:\/\/www.google.de\/?gfe_rd=cr&#038;ei=er67U8OyIqyH8QePg4GYDw&#038;gws_rd=ssl#q=pegida<\/a><\/p>\n<p>Pegida (oder neu : S\u00fcgida, Magida &#8230; usw.) ist f\u00fcr mich auch sowas wie Charlie Hebdo &#8211; eben was, was ich gar nicht brauche und nicht mehr h\u00f6ren kann !<br \/>\nMontags traut man sich gar nicht mehr auf die Stra\u00dfe &#8211; wie hier letzten Mo zu meiner Vereinsversammlung im Karstadt &#8211; ich kam raus und war gleich von Polizei umrahmt und die Massen sammelten sich und man wird in was reingezogen, wovon man gar nichts wissen will &#8230;.<\/p>\n<p><img loading=\"lazy\" decoding=\"async\" src=\"http:\/\/www.sabinewenig.de\/myblog\/wp-content\/uploads\/2015\/01\/DSCF8615_kl.jpg\" alt=\"DSCF8615_kl\" width=\"256\" height=\"132\" class=\"alignnone size-full wp-image-18544\" \/><\/p>\n<p>Klar will ich nicht, da\u00df den Ausl\u00e4ndern hier was passiert, aber mal ehrlich : sind es nicht bald mal genug hier ? Die \u00fcberrennen uns Deutsche doch &#8211; aber das mu\u00df der Staat regeln (in meinen Augen) und nicht jeder Einzelne und schon gar nicht mit Gewalt. Mit Demo\u00b4s dagegen wird ggf. der Staat mal aufger\u00fcttelt (wie fr\u00fcher bei den Montags-Demo\u00b4s) &#8211; aber ausarten d\u00fcrfen diese Demo\u00b4s auch nicht. Rechte und Linke &#8230;.. &#8211; wo soll das noch hinf\u00fchren &#8211; bis es richtig knallt !<\/p>\n<p>Aber ich selber m\u00f6chte da nicht dazwischen geraten !<\/p>\n<p><strong>&#8212;> Ha, ich habe noch ein ..ida : Drugida &#8211; aus den Dornenv\u00f6geln &#8211; na, das war doch weit aus besser als Pegida, Magida (Magdeburg), Legida (Leipzig), Dregida (Dresden), S\u00fcgida (S\u00fcdth\u00fcringen) oder wie die alle hei\u00dfen !<\/strong><\/p>\n<p>************************************************************<\/p>\n<p>Kann doch nicht wahr sein : jetzt machen die T\u00fcrken hier in Deutschland auch schon Pegida<br \/>\nhttp:\/\/www.msn.com\/de-de\/nachrichten\/politik\/eine-t%c3%bcrkische-pegida-mitten-in-deutschland\/ar-BBmWVmk?ocid=spartandhp<\/p>\n<p>************************************************************<\/p>\n<p>&#x1f4fa; &#x1f4fa; &#x1f4fa; &#x1f4fa; &#x1f4fa; &#x1f4fa; &#x1f4fa; &#x1f4fa; &#x1f4fa; &#x1f4fa; &#x1f4fa; &#x1f4fa; &#x1f4fa; &#x1f4fa; &#x1f4fa; &#x1f4fa; &#x1f4fa; &#x1f4fa; &#x1f4fa; &#x1f4fa; &#x1f4fa; &#x1f4fa; &#x1f4fa; &#x1f4fa; &#x1f4fa; &#x1f4fa; <\/p>\n","protected":false},"excerpt":{"rendered":"<p>Charlie Hebdo : https:\/\/www.google.de\/search?q=charlie-hebdo&amp;oq=charlie- hebdo&amp;aqs=chrome..69i57j0l5.579j0j8&amp; sourceid=chrome&amp;es_sm=0&amp;ie=UTF-8 https:\/\/www.google.de\/search?q=charlie- hebdo&amp;tbm=isch&amp;tbo=u&amp;source=univ&amp; sa=X&amp;ei=M2y2VM68IsatU_CJg4gO&amp;ved=0CE0QsAQ &amp;biw=1280&amp;bih=666 Download : http:\/\/kickass.so\/charlie-hebdo-n1177-pdf-parution-le-jour-de-l-attentat-by-hadopix-pdf-t10058225.html Proteste gegen Charlie Hebdo : http:\/\/www.gmx.net\/magazine\/panorama\/protest-charlie-hebdo-islamischen-laendern-30374024#.homepage.hero.Protest%20gegen%20%22Charlie%20Hebdo%22.0 &#8220;&#8220;&#8220;&#8220;&#8220;&#8220;&#8220;&#8220;&#8220;&#8220;&#8220;&#8220;&#8220;&#8220;&#8220;&#8220;&#8220;&#8220;&#8220;&#8220;&#8220;&#8220;&#8220;&#8220;&#8220;&#8220;&#8220;&#8220;&#8220;&#8220;&#8220;&#8220;&#8220;&#8220;&#8220;&#8220; Pegida : https:\/\/www.google.de\/?gfe_rd=cr&#038;ei=er67U8OyIqyH8QePg4GYDw&#038;gws_rd=ssl#q=pegida Pegida (oder neu : S\u00fcgida, Magida &#8230; usw.) ist f\u00fcr mich auch sowas wie Charlie Hebdo &#8211; &hellip; <a href=\"http:\/\/www.sabinewenig.de\/myblog\/?p=18501\">Weiterlesen <span class=\"meta-nav\">&rarr;<\/span><\/a><\/p>\n","protected":false},"author":1,"featured_media":0,"comment_status":"closed","ping_status":"closed","sticky":false,"template":"","format":"standard","meta":{"ngg_post_thumbnail":0,"footnotes":""},"categories":[1,68,149,108,96,50],"tags":[194,63,224,12,48,186],"class_list":["post-18501","post","type-post","status-publish","format-standard","hentry","category-allgemein","category-gequassel","category-klatsch","category-leben","category-mitteilungen","category-tips","tag-gequassel","tag-langeweile","tag-leben","tag-mitteilung","tag-sich-ausreden","tag-tips"],"_links":{"self":[{"href":"http:\/\/www.sabinewenig.de\/myblog\/index.php?rest_route=\/wp\/v2\/posts\/18501","targetHints":{"allow":["GET"]}}],"collection":[{"href":"http:\/\/www.sabinewenig.de\/myblog\/index.php?rest_route=\/wp\/v2\/posts"}],"about":[{"href":"http:\/\/www.sabinewenig.de\/myblog\/index.php?rest_route=\/wp\/v2\/types\/post"}],"author":[{"embeddable":true,"href":"http:\/\/www.sabinewenig.de\/myblog\/index.php?rest_route=\/wp\/v2\/users\/1"}],"replies":[{"embeddable":true,"href":"http:\/\/www.sabinewenig.de\/myblog\/index.php?rest_route=%2Fwp%2Fv2%2Fcomments&post=18501"}],"version-history":[{"count":0,"href":"http:\/\/www.sabinewenig.de\/myblog\/index.php?rest_route=\/wp\/v2\/posts\/18501\/revisions"}],"wp:attachment":[{"href":"http:\/\/www.sabinewenig.de\/myblog\/index.php?rest_route=%2Fwp%2Fv2%2Fmedia&parent=18501"}],"wp:term":[{"taxonomy":"category","embeddable":true,"href":"http:\/\/www.sabinewenig.de\/myblog\/index.php?rest_route=%2Fwp%2Fv2%2Fcategories&post=18501"},{"taxonomy":"post_tag","embeddable":true,"href":"http:\/\/www.sabinewenig.de\/myblog\/index.php?rest_route=%2Fwp%2Fv2%2Ftags&post=18501"}],"curies":[{"name":"wp","href":"https:\/\/api.w.org\/{rel}","templated":true}]}}