{"id":174716,"date":"2026-09-01T12:16:02","date_gmt":"2026-09-01T11:16:02","guid":{"rendered":"http:\/\/www.sabinewenig.de\/myblog\/?p=174716"},"modified":"2026-09-01T12:43:46","modified_gmt":"2026-09-01T11:43:46","slug":"herbst-2026","status":"publish","type":"post","link":"http:\/\/www.sabinewenig.de\/myblog\/?p=174716","title":{"rendered":"Herbst 2026"},"content":{"rendered":"<p><img loading=\"lazy\" decoding=\"async\" src=\"http:\/\/www.sabinewenig.de\/myblog\/wp-content\/uploads\/2026\/09\/NORMAL00005-225x300.jpg\" alt=\"\" width=\"225\" height=\"300\" class=\"size-medium wp-image-174720\" srcset=\"http:\/\/www.sabinewenig.de\/myblog\/wp-content\/uploads\/2026\/09\/NORMAL00005-225x300.jpg 225w, http:\/\/www.sabinewenig.de\/myblog\/wp-content\/uploads\/2026\/09\/NORMAL00005-768x1024.jpg 768w, http:\/\/www.sabinewenig.de\/myblog\/wp-content\/uploads\/2026\/09\/NORMAL00005-1152x1536.jpg 1152w, http:\/\/www.sabinewenig.de\/myblog\/wp-content\/uploads\/2026\/09\/NORMAL00005-1536x2048.jpg 1536w, http:\/\/www.sabinewenig.de\/myblog\/wp-content\/uploads\/2026\/09\/NORMAL00005-scaled.jpg 1920w\" sizes=\"auto, (max-width: 225px) 100vw, 225px\" \/> <img loading=\"lazy\" decoding=\"async\" src=\"http:\/\/www.sabinewenig.de\/myblog\/wp-content\/uploads\/2026\/09\/NORMAL00016-2-300x225.jpg\" alt=\"\" width=\"300\" height=\"225\" class=\"size-medium wp-image-174721\" srcset=\"http:\/\/www.sabinewenig.de\/myblog\/wp-content\/uploads\/2026\/09\/NORMAL00016-2-300x225.jpg 300w, http:\/\/www.sabinewenig.de\/myblog\/wp-content\/uploads\/2026\/09\/NORMAL00016-2-1024x768.jpg 1024w, http:\/\/www.sabinewenig.de\/myblog\/wp-content\/uploads\/2026\/09\/NORMAL00016-2-768x576.jpg 768w, http:\/\/www.sabinewenig.de\/myblog\/wp-content\/uploads\/2026\/09\/NORMAL00016-2-1536x1152.jpg 1536w, http:\/\/www.sabinewenig.de\/myblog\/wp-content\/uploads\/2026\/09\/NORMAL00016-2-2048x1536.jpg 2048w\" sizes=\"auto, (max-width: 300px) 100vw, 300px\" \/><\/p>\n<p>Es ist wieder so weit<br \/>\nWann beginnt der Herbst 2026?<br \/>\n<a href=\"https:\/\/www.gmx.net\/magazine\/wissen\/natur-umwelt\/herbst-2026-beginnt-jahreszeit-genau-38217898\" target=\"_blank\">https:\/\/www.gmx.net\/magazine\/wissen\/natur-umwelt\/herbst-2026-beginnt-jahreszeit-genau-38217898<\/a><\/p>\n<p>Heute 1.9.2026 kommt das Aus f\u00fcr die &#8218;Deutsche Post&#8216;<br \/>\nEnde einer \u00c4ra: Deutsche Post AG ist ein Name, den jeder kennt. Doch diese Konzernbezeichnung verschwindet am 1. September 2026 und macht Platz f\u00fcr DHL AG.<br \/>\n<a href=\"https:\/\/www.pcwelt.de\/article\/3134334\/am-1-9-2026-kommt-das-aus-fur-die-deutsche-post-ag-details.html\" target=\"_blank\">https:\/\/www.pcwelt.de\/article\/3134334\/am-1-9-2026-kommt-das-aus-fur-die-deutsche-post-ag-details.html<\/a><\/p>\n<p>Cell Broadcast, Sirenen und DAB+ im Test<br \/>\nBundesweiter Warntag 2026: Das \u00e4ndert sich beim Probealarm<br \/>\nAm 10. September 2026 findet der n\u00e4chste Bundesweite Warntag statt. Neben Cell Broadcast, Warn-Apps und Sirenen soll diesmal auch DAB+ eine gr\u00f6\u00dfere Rolle spielen.<br \/>\n<a href=\"https:\/\/www.connect.de\/news\/bundesweiter-warntag-probealarm-10-september-2026-3213237.html\" target=\"_blank\">https:\/\/www.connect.de\/news\/bundesweiter-warntag-probealarm-10-september-2026-3213237.html<\/a><\/p>\n<p><img loading=\"lazy\" decoding=\"async\" src=\"http:\/\/www.sabinewenig.de\/myblog\/wp-content\/uploads\/2026\/09\/000001-195x300.jpg\" alt=\"\" width=\"195\" height=\"300\" class=\"alignnone size-medium wp-image-174723\" srcset=\"http:\/\/www.sabinewenig.de\/myblog\/wp-content\/uploads\/2026\/09\/000001-195x300.jpg 195w, http:\/\/www.sabinewenig.de\/myblog\/wp-content\/uploads\/2026\/09\/000001-664x1024.jpg 664w, http:\/\/www.sabinewenig.de\/myblog\/wp-content\/uploads\/2026\/09\/000001-768x1184.jpg 768w, http:\/\/www.sabinewenig.de\/myblog\/wp-content\/uploads\/2026\/09\/000001-996x1536.jpg 996w, http:\/\/www.sabinewenig.de\/myblog\/wp-content\/uploads\/2026\/09\/000001-1328x2048.jpg 1328w, http:\/\/www.sabinewenig.de\/myblog\/wp-content\/uploads\/2026\/09\/000001-scaled.jpg 1660w\" sizes=\"auto, (max-width: 195px) 100vw, 195px\" \/> <img loading=\"lazy\" decoding=\"async\" src=\"http:\/\/www.sabinewenig.de\/myblog\/wp-content\/uploads\/2026\/09\/000002-194x300.jpg\" alt=\"\" width=\"194\" height=\"300\" class=\"alignnone size-medium wp-image-174724\" srcset=\"http:\/\/www.sabinewenig.de\/myblog\/wp-content\/uploads\/2026\/09\/000002-194x300.jpg 194w, http:\/\/www.sabinewenig.de\/myblog\/wp-content\/uploads\/2026\/09\/000002-664x1024.jpg 664w, http:\/\/www.sabinewenig.de\/myblog\/wp-content\/uploads\/2026\/09\/000002-768x1185.jpg 768w, http:\/\/www.sabinewenig.de\/myblog\/wp-content\/uploads\/2026\/09\/000002-996x1536.jpg 996w, http:\/\/www.sabinewenig.de\/myblog\/wp-content\/uploads\/2026\/09\/000002-1328x2048.jpg 1328w, http:\/\/www.sabinewenig.de\/myblog\/wp-content\/uploads\/2026\/09\/000002-scaled.jpg 1660w\" sizes=\"auto, (max-width: 194px) 100vw, 194px\" \/> <img loading=\"lazy\" decoding=\"async\" src=\"http:\/\/www.sabinewenig.de\/myblog\/wp-content\/uploads\/2026\/09\/AA001-268x300.jpg\" alt=\"\" width=\"268\" height=\"300\" class=\"alignnone size-medium wp-image-174725\" srcset=\"http:\/\/www.sabinewenig.de\/myblog\/wp-content\/uploads\/2026\/09\/AA001-268x300.jpg 268w, http:\/\/www.sabinewenig.de\/myblog\/wp-content\/uploads\/2026\/09\/AA001-914x1024.jpg 914w, http:\/\/www.sabinewenig.de\/myblog\/wp-content\/uploads\/2026\/09\/AA001-768x860.jpg 768w, http:\/\/www.sabinewenig.de\/myblog\/wp-content\/uploads\/2026\/09\/AA001-1371x1536.jpg 1371w, http:\/\/www.sabinewenig.de\/myblog\/wp-content\/uploads\/2026\/09\/AA001-1828x2048.jpg 1828w\" sizes=\"auto, (max-width: 268px) 100vw, 268px\" \/> <img loading=\"lazy\" decoding=\"async\" src=\"http:\/\/www.sabinewenig.de\/myblog\/wp-content\/uploads\/2026\/09\/AA002-200x300.jpg\" alt=\"\" width=\"200\" height=\"300\" class=\"alignnone size-medium wp-image-174726\" srcset=\"http:\/\/www.sabinewenig.de\/myblog\/wp-content\/uploads\/2026\/09\/AA002-200x300.jpg 200w, http:\/\/www.sabinewenig.de\/myblog\/wp-content\/uploads\/2026\/09\/AA002-682x1024.jpg 682w, http:\/\/www.sabinewenig.de\/myblog\/wp-content\/uploads\/2026\/09\/AA002-768x1153.jpg 768w, http:\/\/www.sabinewenig.de\/myblog\/wp-content\/uploads\/2026\/09\/AA002-1023x1536.jpg 1023w, http:\/\/www.sabinewenig.de\/myblog\/wp-content\/uploads\/2026\/09\/AA002-1365x2048.jpg 1365w, http:\/\/www.sabinewenig.de\/myblog\/wp-content\/uploads\/2026\/09\/AA002-scaled.jpg 1706w\" sizes=\"auto, (max-width: 200px) 100vw, 200px\" \/> <img loading=\"lazy\" decoding=\"async\" src=\"http:\/\/www.sabinewenig.de\/myblog\/wp-content\/uploads\/2026\/09\/AA004-200x300.jpg\" alt=\"\" width=\"200\" height=\"300\" class=\"alignnone size-medium wp-image-174727\" srcset=\"http:\/\/www.sabinewenig.de\/myblog\/wp-content\/uploads\/2026\/09\/AA004-200x300.jpg 200w, http:\/\/www.sabinewenig.de\/myblog\/wp-content\/uploads\/2026\/09\/AA004-682x1024.jpg 682w, http:\/\/www.sabinewenig.de\/myblog\/wp-content\/uploads\/2026\/09\/AA004-768x1153.jpg 768w, http:\/\/www.sabinewenig.de\/myblog\/wp-content\/uploads\/2026\/09\/AA004-1023x1536.jpg 1023w, http:\/\/www.sabinewenig.de\/myblog\/wp-content\/uploads\/2026\/09\/AA004-1365x2048.jpg 1365w, http:\/\/www.sabinewenig.de\/myblog\/wp-content\/uploads\/2026\/09\/AA004-scaled.jpg 1706w\" sizes=\"auto, (max-width: 200px) 100vw, 200px\" \/> <img loading=\"lazy\" decoding=\"async\" src=\"http:\/\/www.sabinewenig.de\/myblog\/wp-content\/uploads\/2026\/09\/AA034-200x300.jpg\" alt=\"\" width=\"200\" height=\"300\" class=\"alignnone size-medium wp-image-174728\" srcset=\"http:\/\/www.sabinewenig.de\/myblog\/wp-content\/uploads\/2026\/09\/AA034-200x300.jpg 200w, http:\/\/www.sabinewenig.de\/myblog\/wp-content\/uploads\/2026\/09\/AA034-682x1024.jpg 682w, http:\/\/www.sabinewenig.de\/myblog\/wp-content\/uploads\/2026\/09\/AA034-768x1153.jpg 768w, http:\/\/www.sabinewenig.de\/myblog\/wp-content\/uploads\/2026\/09\/AA034-1023x1536.jpg 1023w, http:\/\/www.sabinewenig.de\/myblog\/wp-content\/uploads\/2026\/09\/AA034-1365x2048.jpg 1365w, http:\/\/www.sabinewenig.de\/myblog\/wp-content\/uploads\/2026\/09\/AA034-scaled.jpg 1706w\" sizes=\"auto, (max-width: 200px) 100vw, 200px\" \/> <img loading=\"lazy\" decoding=\"async\" src=\"http:\/\/www.sabinewenig.de\/myblog\/wp-content\/uploads\/2026\/09\/AA035-200x300.jpg\" alt=\"\" width=\"200\" height=\"300\" class=\"alignnone size-medium wp-image-174729\" srcset=\"http:\/\/www.sabinewenig.de\/myblog\/wp-content\/uploads\/2026\/09\/AA035-200x300.jpg 200w, http:\/\/www.sabinewenig.de\/myblog\/wp-content\/uploads\/2026\/09\/AA035-682x1024.jpg 682w, http:\/\/www.sabinewenig.de\/myblog\/wp-content\/uploads\/2026\/09\/AA035-768x1153.jpg 768w, http:\/\/www.sabinewenig.de\/myblog\/wp-content\/uploads\/2026\/09\/AA035-1023x1536.jpg 1023w, http:\/\/www.sabinewenig.de\/myblog\/wp-content\/uploads\/2026\/09\/AA035-1365x2048.jpg 1365w, http:\/\/www.sabinewenig.de\/myblog\/wp-content\/uploads\/2026\/09\/AA035-scaled.jpg 1706w\" sizes=\"auto, (max-width: 200px) 100vw, 200px\" \/><\/p>\n","protected":false},"excerpt":{"rendered":"<p>Es ist wieder so weit Wann beginnt der Herbst 2026? https:\/\/www.gmx.net\/magazine\/wissen\/natur-umwelt\/herbst-2026-beginnt-jahreszeit-genau-38217898 Heute 1.9.2026 kommt das Aus f\u00fcr die &#8218;Deutsche Post&#8216; Ende einer \u00c4ra: Deutsche Post AG ist ein Name, den jeder kennt. Doch diese Konzernbezeichnung verschwindet am 1. September 2026 &hellip; <a href=\"http:\/\/www.sabinewenig.de\/myblog\/?p=174716\">Weiterlesen <span class=\"meta-nav\">&rarr;<\/span><\/a><\/p>\n","protected":false},"author":1,"featured_media":0,"comment_status":"closed","ping_status":"open","sticky":false,"template":"","format":"standard","meta":{"ngg_post_thumbnail":0,"footnotes":""},"categories":[1,79,164,108,96,50],"tags":[197,190,275,224,12,186],"class_list":["post-174716","post","type-post","status-publish","format-standard","hentry","category-allgemein","category-blumen","category-herbst","category-leben","category-mitteilungen","category-tips","tag-biologie","tag-feiertage","tag-herbst","tag-leben","tag-mitteilung","tag-tips"],"_links":{"self":[{"href":"http:\/\/www.sabinewenig.de\/myblog\/index.php?rest_route=\/wp\/v2\/posts\/174716","targetHints":{"allow":["GET"]}}],"collection":[{"href":"http:\/\/www.sabinewenig.de\/myblog\/index.php?rest_route=\/wp\/v2\/posts"}],"about":[{"href":"http:\/\/www.sabinewenig.de\/myblog\/index.php?rest_route=\/wp\/v2\/types\/post"}],"author":[{"embeddable":true,"href":"http:\/\/www.sabinewenig.de\/myblog\/index.php?rest_route=\/wp\/v2\/users\/1"}],"replies":[{"embeddable":true,"href":"http:\/\/www.sabinewenig.de\/myblog\/index.php?rest_route=%2Fwp%2Fv2%2Fcomments&post=174716"}],"version-history":[{"count":6,"href":"http:\/\/www.sabinewenig.de\/myblog\/index.php?rest_route=\/wp\/v2\/posts\/174716\/revisions"}],"predecessor-version":[{"id":174733,"href":"http:\/\/www.sabinewenig.de\/myblog\/index.php?rest_route=\/wp\/v2\/posts\/174716\/revisions\/174733"}],"wp:attachment":[{"href":"http:\/\/www.sabinewenig.de\/myblog\/index.php?rest_route=%2Fwp%2Fv2%2Fmedia&parent=174716"}],"wp:term":[{"taxonomy":"category","embeddable":true,"href":"http:\/\/www.sabinewenig.de\/myblog\/index.php?rest_route=%2Fwp%2Fv2%2Fcategories&post=174716"},{"taxonomy":"post_tag","embeddable":true,"href":"http:\/\/www.sabinewenig.de\/myblog\/index.php?rest_route=%2Fwp%2Fv2%2Ftags&post=174716"}],"curies":[{"name":"wp","href":"https:\/\/api.w.org\/{rel}","templated":true}]}}