{"id":142285,"date":"2023-12-22T19:30:08","date_gmt":"2023-12-22T18:30:08","guid":{"rendered":"http:\/\/www.sabinewenig.de\/myblog\/?p=142285"},"modified":"2025-04-19T16:09:05","modified_gmt":"2025-04-19T15:09:05","slug":"siemens-waschmaschine-laeuft-aus","status":"publish","type":"post","link":"http:\/\/www.sabinewenig.de\/myblog\/?p=142285","title":{"rendered":"Siemens Waschmaschine l\u00e4uft aus"},"content":{"rendered":"<p>Mitte November 2023 begann meine Siemens Waschmaschine pl\u00f6tzlich bei jeder W\u00e4sche etwas auszulaufen &#8211; ich legte immer Handt\u00fccher davor.<br \/>\nAber auch das Schleudern wurde immer lauter und sie wanderte trotz Matte drunter ca. 15cm im Raum. Die Unwucht wurde immer schlimmer.<br \/>\nDann Mitte Dezember 2023 zog sie kein Wasser mehr und ich mu\u00dfte sie endg\u00fcltig ausrangieren.<\/p>\n<p><a href=\"http:\/\/www.sabinewenig.de\/myblog\/wp-content\/uploads\/2023\/12\/DSC_0000038-rotated.jpg\"><img loading=\"lazy\" decoding=\"async\" src=\"http:\/\/www.sabinewenig.de\/myblog\/wp-content\/uploads\/2023\/12\/DSC_0000038-300x225.jpg\" alt=\"\" width=\"300\" height=\"225\" class=\"alignnone size-medium wp-image-142287\" srcset=\"http:\/\/www.sabinewenig.de\/myblog\/wp-content\/uploads\/2023\/12\/DSC_0000038-300x225.jpg 300w, http:\/\/www.sabinewenig.de\/myblog\/wp-content\/uploads\/2023\/12\/DSC_0000038-1024x768.jpg 1024w, http:\/\/www.sabinewenig.de\/myblog\/wp-content\/uploads\/2023\/12\/DSC_0000038-768x576.jpg 768w, http:\/\/www.sabinewenig.de\/myblog\/wp-content\/uploads\/2023\/12\/DSC_0000038-rotated.jpg 1280w\" sizes=\"auto, (max-width: 300px) 100vw, 300px\" \/><\/a><\/p>\n<p><img loading=\"lazy\" decoding=\"async\" src=\"http:\/\/www.sabinewenig.de\/myblog\/wp-content\/uploads\/2023\/12\/PTDC0001-225x300.jpg\" alt=\"\" width=\"225\" height=\"300\" class=\"size-medium wp-image-142288\" srcset=\"http:\/\/www.sabinewenig.de\/myblog\/wp-content\/uploads\/2023\/12\/PTDC0001-225x300.jpg 225w, http:\/\/www.sabinewenig.de\/myblog\/wp-content\/uploads\/2023\/12\/PTDC0001-768x1024.jpg 768w, http:\/\/www.sabinewenig.de\/myblog\/wp-content\/uploads\/2023\/12\/PTDC0001-1152x1536.jpg 1152w, http:\/\/www.sabinewenig.de\/myblog\/wp-content\/uploads\/2023\/12\/PTDC0001-1536x2048.jpg 1536w, http:\/\/www.sabinewenig.de\/myblog\/wp-content\/uploads\/2023\/12\/PTDC0001-scaled.jpg 1920w\" sizes=\"auto, (max-width: 225px) 100vw, 225px\" \/> <img loading=\"lazy\" decoding=\"async\" src=\"http:\/\/www.sabinewenig.de\/myblog\/wp-content\/uploads\/2023\/12\/PTDC0002-1-300x225.jpg\" alt=\"\" width=\"300\" height=\"225\" class=\"size-medium wp-image-142289\" srcset=\"http:\/\/www.sabinewenig.de\/myblog\/wp-content\/uploads\/2023\/12\/PTDC0002-1-300x225.jpg 300w, http:\/\/www.sabinewenig.de\/myblog\/wp-content\/uploads\/2023\/12\/PTDC0002-1-1024x768.jpg 1024w, http:\/\/www.sabinewenig.de\/myblog\/wp-content\/uploads\/2023\/12\/PTDC0002-1-768x576.jpg 768w, http:\/\/www.sabinewenig.de\/myblog\/wp-content\/uploads\/2023\/12\/PTDC0002-1-1536x1152.jpg 1536w, http:\/\/www.sabinewenig.de\/myblog\/wp-content\/uploads\/2023\/12\/PTDC0002-1-2048x1536.jpg 2048w\" sizes=\"auto, (max-width: 300px) 100vw, 300px\" \/><\/p>\n<p><img loading=\"lazy\" decoding=\"async\" src=\"http:\/\/www.sabinewenig.de\/myblog\/wp-content\/uploads\/2023\/12\/PTDC0215-300x225.jpg\" alt=\"\" width=\"300\" height=\"225\" class=\"size-medium wp-image-142296\" srcset=\"http:\/\/www.sabinewenig.de\/myblog\/wp-content\/uploads\/2023\/12\/PTDC0215-300x225.jpg 300w, http:\/\/www.sabinewenig.de\/myblog\/wp-content\/uploads\/2023\/12\/PTDC0215-1024x768.jpg 1024w, http:\/\/www.sabinewenig.de\/myblog\/wp-content\/uploads\/2023\/12\/PTDC0215-768x576.jpg 768w, http:\/\/www.sabinewenig.de\/myblog\/wp-content\/uploads\/2023\/12\/PTDC0215-1536x1152.jpg 1536w, http:\/\/www.sabinewenig.de\/myblog\/wp-content\/uploads\/2023\/12\/PTDC0215-2048x1536.jpg 2048w\" sizes=\"auto, (max-width: 300px) 100vw, 300px\" \/><\/p>\n<p>Ich googelte danach und im Internet stand, da\u00df es dann am Waschmittelfach lag, wo das Wasser gleich vorne nach unten lief, statt \u00fcber die Trommel.<\/p>\n<p>Ich setzte mich per Mail mit dem Siemens Kundendienst in Verbindung (<a href=\"mailto:contact@siemens.com\">contact@siemens.com<\/a>) und sie antworteten :<br \/>\n&#8222;Sehr geehrte Frau Wenig,<br \/>\nwir danken Ihnen, dass Sie sich mit Ihren Anliegen an die Siemens AG gewandt haben.<br \/>\nWir m\u00fcssen Ihnen mitteilen, dass wir Ihnen bei Ihrer Beschwerde\/Anfrage leider nicht weiterhelfen k\u00f6nnen.<br \/>\nDie Siemens AG hat sich n\u00e4mlich im Jahr 2015 aus dem Gemeinschaftsunternehmen Bosch-Siemens Hausger\u00e4te GmbH vollst\u00e4ndig zur\u00fcckgezogen.<br \/>\nDa der vorherige Siemens-Anteil durch die Firma Bosch \u00fcbernommen worden ist, bitten wir Sie, sich direkt mit der heutigen Firma BSH Hausger\u00e4te GmbH in Verbindung zu setzen.<br \/>\nDie entsprechenden Kontaktdaten k\u00f6nnen Sie unter dem nachfolgenden Link im Internet<br \/>\nvorfinden: https:\/\/www.bsh-group.com\/de\/marken\/kundenservice<br \/>\nVielen Dank f\u00fcr Ihr Verst\u00e4ndnis.<br \/>\nMit freundlichen Gr\u00fc\u00dfen,<br \/>\nSiemens AG<br \/>\nGlobal Business Services<br \/>\nKundenbetreuungsCenter (KbC) der Siemens AG<br \/>\nGBS O2C DE O2I<br \/>\nGateway Gardens<br \/>\nDe-Saint-Exup\u00e9ry-Str. 5-7<br \/>\n60549 Frankfurt am Main, Deutschland<br \/>\nTel.: +49 (800) 22 55 33 6<br \/>\nTel.: +49 (89) 3803 5491<br \/>\nFax: +49 (69) 797-6664<br \/>\nmailto:kbc.gms@siemens.com<br \/>\nwww.siemens.com<\/p>\n<p>Siemens Aktiengesellschaft: Vorsitzender des Aufsichtsrats: Jim Hagemann Snabe; Vorstand: Roland Busch, Vorsitzender; Cedrik Neike, Matthias Rebellius, Ralf P. Thomas, Judith Wiese; Sitz der Gesellschaft: Berlin und M\u00fcnchen, Deutschland; Registergericht: Berlin-Charlottenburg, HRB 12300, M\u00fcnchen, HRB 6684; WEEE-Reg.-Nr. DE 23691322&#8220;<\/p>\n<p>ok, dann schrieb ich eben diese an Email-Adresse : <a href=\"mailto:siemens-info-line@bshg.com\">siemens-info-line@bshg.com<\/a><br \/>\nLeider konnten Sie mir auch nicht helfen. Sie brauchten die E-Nr. und FD-Nr vom Foto ganz oben (stand im Bullauge) &#8211; h\u00e4tten mir auch Ersatzteile geliefert (z.B. Waschmittelfach). Aber daran lag es ja nicht.<br \/>\n&#8222;Sehr geehrte Frau Wenig,<br \/>\nvielen Dank f\u00fcr Ihre Anfrage.<br \/>\nIm Normalfall besteht die M\u00f6glichkeit nur die Waschmittelschublade auszutauschen. Anhand Ihrer Bilder konnten wir die Waschmaschinen nicht eindeutig ermitteln, hierzu wird die E-Nr. und FD-Nr. ben\u00f6tigt. Diese finden Sie in der ge\u00f6ffneten T\u00fcr.<br \/>\nGerne k\u00f6nnen Sie sich bezgl. der Ersatzteilbestellung auch direkt an das zust\u00e4ndige Service-Team unter 089 \/ 21 751 751 (Auswahl 3) wenden.<br \/>\nMit freundlichen Gr\u00fc\u00dfen<br \/>\nYvonne Lewrenz<br \/>\nBSH Hausger\u00e4te Service GmbH<br \/>\nSiemens Info Line<br \/>\nTelefon: 089 21 751 751<br \/>\nMailto:<a href=\"mailto:siemens-info-line@bshg.com\">siemens-info-line@bshg.com<\/a>&#8220;<\/p>\n<p>******************<\/p>\n<p>Mein Freund baute die Maschine auseinander um die Ursache zu finden. Er fand einen breiten Ri\u00df in der Ummantelung der Trommel. Da war nichts mehr zu retten &#8211; mu\u00dfte eine andere Waschmaschine her.<\/p>\n<p><img loading=\"lazy\" decoding=\"async\" src=\"http:\/\/www.sabinewenig.de\/myblog\/wp-content\/uploads\/2023\/12\/DSC_0000039-225x300.jpg\" alt=\"\" width=\"225\" height=\"300\" class=\"alignnone size-medium wp-image-142292\" srcset=\"http:\/\/www.sabinewenig.de\/myblog\/wp-content\/uploads\/2023\/12\/DSC_0000039-225x300.jpg 225w, http:\/\/www.sabinewenig.de\/myblog\/wp-content\/uploads\/2023\/12\/DSC_0000039-768x1024.jpg 768w, http:\/\/www.sabinewenig.de\/myblog\/wp-content\/uploads\/2023\/12\/DSC_0000039.jpg 960w\" sizes=\"auto, (max-width: 225px) 100vw, 225px\" \/> <img loading=\"lazy\" decoding=\"async\" src=\"http:\/\/www.sabinewenig.de\/myblog\/wp-content\/uploads\/2023\/12\/DSC_0000040-225x300.jpg\" alt=\"\" width=\"225\" height=\"300\" class=\"alignnone size-medium wp-image-142293\" srcset=\"http:\/\/www.sabinewenig.de\/myblog\/wp-content\/uploads\/2023\/12\/DSC_0000040-225x300.jpg 225w, http:\/\/www.sabinewenig.de\/myblog\/wp-content\/uploads\/2023\/12\/DSC_0000040-768x1024.jpg 768w, http:\/\/www.sabinewenig.de\/myblog\/wp-content\/uploads\/2023\/12\/DSC_0000040.jpg 960w\" sizes=\"auto, (max-width: 225px) 100vw, 225px\" \/> <img loading=\"lazy\" decoding=\"async\" src=\"http:\/\/www.sabinewenig.de\/myblog\/wp-content\/uploads\/2023\/12\/DSC_0000041-225x300.jpg\" alt=\"\" width=\"225\" height=\"300\" class=\"alignnone size-medium wp-image-142294\" srcset=\"http:\/\/www.sabinewenig.de\/myblog\/wp-content\/uploads\/2023\/12\/DSC_0000041-225x300.jpg 225w, http:\/\/www.sabinewenig.de\/myblog\/wp-content\/uploads\/2023\/12\/DSC_0000041-768x1024.jpg 768w, http:\/\/www.sabinewenig.de\/myblog\/wp-content\/uploads\/2023\/12\/DSC_0000041.jpg 960w\" sizes=\"auto, (max-width: 225px) 100vw, 225px\" \/><\/p>\n<p>*******************<\/p>\n<p>Die n\u00e4chste Waschmaschine ist jetzt eine Candy 7 kg Toplader.<\/p>\n<p><img loading=\"lazy\" decoding=\"async\" src=\"http:\/\/www.sabinewenig.de\/myblog\/wp-content\/uploads\/2023\/12\/PTDC0084-225x300.jpg\" alt=\"\" width=\"225\" height=\"300\" class=\"size-medium wp-image-142396\" srcset=\"http:\/\/www.sabinewenig.de\/myblog\/wp-content\/uploads\/2023\/12\/PTDC0084-225x300.jpg 225w, http:\/\/www.sabinewenig.de\/myblog\/wp-content\/uploads\/2023\/12\/PTDC0084-768x1024.jpg 768w, http:\/\/www.sabinewenig.de\/myblog\/wp-content\/uploads\/2023\/12\/PTDC0084-1152x1536.jpg 1152w, http:\/\/www.sabinewenig.de\/myblog\/wp-content\/uploads\/2023\/12\/PTDC0084-1536x2048.jpg 1536w, http:\/\/www.sabinewenig.de\/myblog\/wp-content\/uploads\/2023\/12\/PTDC0084-scaled.jpg 1920w\" sizes=\"auto, (max-width: 225px) 100vw, 225px\" \/> <img loading=\"lazy\" decoding=\"async\" src=\"http:\/\/www.sabinewenig.de\/myblog\/wp-content\/uploads\/2023\/12\/PTDC0085-225x300.jpg\" alt=\"\" width=\"225\" height=\"300\" class=\"size-medium wp-image-142397\" srcset=\"http:\/\/www.sabinewenig.de\/myblog\/wp-content\/uploads\/2023\/12\/PTDC0085-225x300.jpg 225w, http:\/\/www.sabinewenig.de\/myblog\/wp-content\/uploads\/2023\/12\/PTDC0085-768x1024.jpg 768w, http:\/\/www.sabinewenig.de\/myblog\/wp-content\/uploads\/2023\/12\/PTDC0085-1152x1536.jpg 1152w, http:\/\/www.sabinewenig.de\/myblog\/wp-content\/uploads\/2023\/12\/PTDC0085-1536x2048.jpg 1536w, http:\/\/www.sabinewenig.de\/myblog\/wp-content\/uploads\/2023\/12\/PTDC0085-scaled.jpg 1920w\" sizes=\"auto, (max-width: 225px) 100vw, 225px\" \/> <img loading=\"lazy\" decoding=\"async\" src=\"http:\/\/www.sabinewenig.de\/myblog\/wp-content\/uploads\/2023\/12\/PTDC0086-300x225.jpg\" alt=\"\" width=\"300\" height=\"225\" class=\"size-medium wp-image-142398\" srcset=\"http:\/\/www.sabinewenig.de\/myblog\/wp-content\/uploads\/2023\/12\/PTDC0086-300x225.jpg 300w, http:\/\/www.sabinewenig.de\/myblog\/wp-content\/uploads\/2023\/12\/PTDC0086-1024x768.jpg 1024w, http:\/\/www.sabinewenig.de\/myblog\/wp-content\/uploads\/2023\/12\/PTDC0086-768x576.jpg 768w, http:\/\/www.sabinewenig.de\/myblog\/wp-content\/uploads\/2023\/12\/PTDC0086-1536x1152.jpg 1536w, http:\/\/www.sabinewenig.de\/myblog\/wp-content\/uploads\/2023\/12\/PTDC0086-2048x1536.jpg 2048w\" sizes=\"auto, (max-width: 300px) 100vw, 300px\" \/><\/p>\n<p>Als wir sie anschlie\u00dfen wollten, kam kein Wasser aus der Wand : Ventil kaputt &#8211; jetzt warte ich auf den Klempner.<\/p>\n<p><img loading=\"lazy\" decoding=\"async\" src=\"http:\/\/www.sabinewenig.de\/myblog\/wp-content\/uploads\/2023\/12\/PTDC0093-300x225.jpg\" alt=\"\" width=\"300\" height=\"225\" class=\"size-medium wp-image-142642\" srcset=\"http:\/\/www.sabinewenig.de\/myblog\/wp-content\/uploads\/2023\/12\/PTDC0093-300x225.jpg 300w, http:\/\/www.sabinewenig.de\/myblog\/wp-content\/uploads\/2023\/12\/PTDC0093-1024x768.jpg 1024w, http:\/\/www.sabinewenig.de\/myblog\/wp-content\/uploads\/2023\/12\/PTDC0093-768x576.jpg 768w, http:\/\/www.sabinewenig.de\/myblog\/wp-content\/uploads\/2023\/12\/PTDC0093-1536x1152.jpg 1536w, http:\/\/www.sabinewenig.de\/myblog\/wp-content\/uploads\/2023\/12\/PTDC0093-2048x1536.jpg 2048w\" sizes=\"auto, (max-width: 300px) 100vw, 300px\" \/> <img loading=\"lazy\" decoding=\"async\" src=\"http:\/\/www.sabinewenig.de\/myblog\/wp-content\/uploads\/2023\/12\/PTDC0094-300x225.jpg\" alt=\"\" width=\"300\" height=\"225\" class=\"size-medium wp-image-142643\" srcset=\"http:\/\/www.sabinewenig.de\/myblog\/wp-content\/uploads\/2023\/12\/PTDC0094-300x225.jpg 300w, http:\/\/www.sabinewenig.de\/myblog\/wp-content\/uploads\/2023\/12\/PTDC0094-1024x768.jpg 1024w, http:\/\/www.sabinewenig.de\/myblog\/wp-content\/uploads\/2023\/12\/PTDC0094-768x576.jpg 768w, http:\/\/www.sabinewenig.de\/myblog\/wp-content\/uploads\/2023\/12\/PTDC0094-1536x1152.jpg 1536w, http:\/\/www.sabinewenig.de\/myblog\/wp-content\/uploads\/2023\/12\/PTDC0094-2048x1536.jpg 2048w\" sizes=\"auto, (max-width: 300px) 100vw, 300px\" \/> <img loading=\"lazy\" decoding=\"async\" src=\"http:\/\/www.sabinewenig.de\/myblog\/wp-content\/uploads\/2023\/12\/PTDC0095-225x300.jpg\" alt=\"\" width=\"225\" height=\"300\" class=\"size-medium wp-image-142644\" srcset=\"http:\/\/www.sabinewenig.de\/myblog\/wp-content\/uploads\/2023\/12\/PTDC0095-225x300.jpg 225w, http:\/\/www.sabinewenig.de\/myblog\/wp-content\/uploads\/2023\/12\/PTDC0095-768x1024.jpg 768w, http:\/\/www.sabinewenig.de\/myblog\/wp-content\/uploads\/2023\/12\/PTDC0095-1152x1536.jpg 1152w, http:\/\/www.sabinewenig.de\/myblog\/wp-content\/uploads\/2023\/12\/PTDC0095-1536x2048.jpg 1536w, http:\/\/www.sabinewenig.de\/myblog\/wp-content\/uploads\/2023\/12\/PTDC0095-scaled.jpg 1920w\" sizes=\"auto, (max-width: 225px) 100vw, 225px\" \/> <\/p>\n<p>8.1.2024 : Heute war der Klempner da und hat das Ventil gewechselt und die Waschmaschine angeschlossen.<br \/>\nDie erste W\u00e4sche ist jetzt nach 2h 15 min durchgelaufen bei 40 Grad &#8211; alles ok.<\/p>\n<p>6.2.2024 :<br \/>\n5 W\u00e4schen lang habe ich es mir angeschaut : Maschine bleibt mit blinkendem Knopf stehen (Programm Mischw\u00e4sche 40 Grad) und tut nichts mehr und gibt auch Verriegelung nicht frei. Mu\u00df W\u00e4sche ein 2. Mal durchlaufen lassen, dann gibt er Verriegelung frei zum \u00d6ffnen nach dem Schleudern.<\/p>\n<p>Habe heute Programm Wolle 40 Grad probiert &#8211; l\u00e4uft durch, aber daf\u00fcr 3h.<\/p>\n<p>Habe Handbuch gesucht :<br \/>\n<a href=\"https:\/\/www.candy-home.com\/de_DE\/toplader-waschmaschinen\/31011227\/cstgc-47te-1-84\/\" rel=\"noopener\" target=\"_blank\">https:\/\/www.candy-home.com\/de_DE\/toplader-waschmaschinen\/31011227\/cstgc-47te-1-84\/<\/a><br \/>\nDort ist aber falsches Display drin abgebildet und spricht vom Bullauge &#8230;<br \/>\nHabe den Kundendienst angemailt : service.deutschland@candy-hoover.com<\/p>\n<p>rot blinkender Knopf und Display :<\/p>\n<p><img loading=\"lazy\" decoding=\"async\" src=\"http:\/\/www.sabinewenig.de\/myblog\/wp-content\/uploads\/2023\/12\/DSC_0000063-e1707255735446-300x225.jpg\" alt=\"\" width=\"300\" height=\"225\" class=\"alignnone size-medium wp-image-143618\" srcset=\"http:\/\/www.sabinewenig.de\/myblog\/wp-content\/uploads\/2023\/12\/DSC_0000063-e1707255735446-300x225.jpg 300w, http:\/\/www.sabinewenig.de\/myblog\/wp-content\/uploads\/2023\/12\/DSC_0000063-e1707255735446-1024x768.jpg 1024w, http:\/\/www.sabinewenig.de\/myblog\/wp-content\/uploads\/2023\/12\/DSC_0000063-e1707255735446-768x576.jpg 768w, http:\/\/www.sabinewenig.de\/myblog\/wp-content\/uploads\/2023\/12\/DSC_0000063-e1707255735446.jpg 1280w\" sizes=\"auto, (max-width: 300px) 100vw, 300px\" \/> <img loading=\"lazy\" decoding=\"async\" src=\"http:\/\/www.sabinewenig.de\/myblog\/wp-content\/uploads\/2023\/12\/DSC_0000062-225x300.jpg\" alt=\"\" width=\"225\" height=\"300\" class=\"alignnone size-medium wp-image-143617\" srcset=\"http:\/\/www.sabinewenig.de\/myblog\/wp-content\/uploads\/2023\/12\/DSC_0000062-225x300.jpg 225w, http:\/\/www.sabinewenig.de\/myblog\/wp-content\/uploads\/2023\/12\/DSC_0000062-768x1024.jpg 768w, http:\/\/www.sabinewenig.de\/myblog\/wp-content\/uploads\/2023\/12\/DSC_0000062.jpg 960w\" sizes=\"auto, (max-width: 225px) 100vw, 225px\" \/> <img loading=\"lazy\" decoding=\"async\" src=\"http:\/\/www.sabinewenig.de\/myblog\/wp-content\/uploads\/2023\/12\/DSC_0000061-225x300.jpg\" alt=\"\" width=\"225\" height=\"300\" class=\"alignnone size-medium wp-image-143616\" srcset=\"http:\/\/www.sabinewenig.de\/myblog\/wp-content\/uploads\/2023\/12\/DSC_0000061-225x300.jpg 225w, http:\/\/www.sabinewenig.de\/myblog\/wp-content\/uploads\/2023\/12\/DSC_0000061-768x1024.jpg 768w, http:\/\/www.sabinewenig.de\/myblog\/wp-content\/uploads\/2023\/12\/DSC_0000061.jpg 960w\" sizes=\"auto, (max-width: 225px) 100vw, 225px\" \/><\/p>\n<p><img loading=\"lazy\" decoding=\"async\" src=\"http:\/\/www.sabinewenig.de\/myblog\/wp-content\/uploads\/2023\/12\/DSC_0000229-225x300.jpg\" alt=\"\" width=\"225\" height=\"300\" class=\"alignnone size-medium wp-image-144990\" srcset=\"http:\/\/www.sabinewenig.de\/myblog\/wp-content\/uploads\/2023\/12\/DSC_0000229-225x300.jpg 225w, http:\/\/www.sabinewenig.de\/myblog\/wp-content\/uploads\/2023\/12\/DSC_0000229-768x1024.jpg 768w, http:\/\/www.sabinewenig.de\/myblog\/wp-content\/uploads\/2023\/12\/DSC_0000229.jpg 960w\" sizes=\"auto, (max-width: 225px) 100vw, 225px\" \/><\/p>\n<p>9.2.2024 :<br \/>\nDer Kundendienst hat mir geantwortet :<br \/>\n&#8222;Sehr geehrte\/Frau Sabine Wenig,<br \/>\nVersuchen sie, ein Reset am Ger\u00e4t zu machen, indem sie ein beliebiges Waschprogramm ausw\u00e4hlen, den Startknopf  10 &#8211; 15 Sekunden lang gedr\u00fcckt halten, den Programmwahlknopf danach auf Startposition stellen und den Stecker  vom Stromnetz trennen. Das Ger\u00e4t sollte mindestens 1 Stunde ruhen, danach erst wieder einschalten.<br \/>\nMit freundlichen Gr\u00fc\u00dfen,<br \/>\nHaier Europe Kundendienst&#8220;<\/p>\n<p>Ich kenne sowas wie auf Betriebseinstellungen zur\u00fcck stellen eigentlich nur bei Handy, TV, Fotoapparat o.\u00e4., da\u00df es sowas auch f\u00fcr Waschmaschinen gibt, ist mir neu. Aber ich probiere es jetzt aus.<\/p>\n<p>Und wirklich &#8211; hat geholfen &#8211; danach lief die Maschine ohne St\u00f6rung durch.<\/p>\n<p>Naja, nicht ganz : einige Wochen sp\u00e4ter, trat der gleiche Fehler auf, aber ich wu\u00dfte mir ja jetzt zu helfen.<\/p>\n","protected":false},"excerpt":{"rendered":"<p>Mitte November 2023 begann meine Siemens Waschmaschine pl\u00f6tzlich bei jeder W\u00e4sche etwas auszulaufen &#8211; ich legte immer Handt\u00fccher davor. Aber auch das Schleudern wurde immer lauter und sie wanderte trotz Matte drunter ca. 15cm im Raum. Die Unwucht wurde immer &hellip; <a href=\"http:\/\/www.sabinewenig.de\/myblog\/?p=142285\">Weiterlesen <span class=\"meta-nav\">&rarr;<\/span><\/a><\/p>\n","protected":false},"author":1,"featured_media":0,"comment_status":"closed","ping_status":"open","sticky":false,"template":"","format":"standard","meta":{"ngg_post_thumbnail":0,"footnotes":""},"categories":[1,108,351],"tags":[46,224,352],"class_list":["post-142285","post","type-post","status-publish","format-standard","hentry","category-allgemein","category-leben","category-waschmaschine","tag-frust","tag-leben","tag-waschmaschine"],"_links":{"self":[{"href":"http:\/\/www.sabinewenig.de\/myblog\/index.php?rest_route=\/wp\/v2\/posts\/142285","targetHints":{"allow":["GET"]}}],"collection":[{"href":"http:\/\/www.sabinewenig.de\/myblog\/index.php?rest_route=\/wp\/v2\/posts"}],"about":[{"href":"http:\/\/www.sabinewenig.de\/myblog\/index.php?rest_route=\/wp\/v2\/types\/post"}],"author":[{"embeddable":true,"href":"http:\/\/www.sabinewenig.de\/myblog\/index.php?rest_route=\/wp\/v2\/users\/1"}],"replies":[{"embeddable":true,"href":"http:\/\/www.sabinewenig.de\/myblog\/index.php?rest_route=%2Fwp%2Fv2%2Fcomments&post=142285"}],"version-history":[{"count":0,"href":"http:\/\/www.sabinewenig.de\/myblog\/index.php?rest_route=\/wp\/v2\/posts\/142285\/revisions"}],"wp:attachment":[{"href":"http:\/\/www.sabinewenig.de\/myblog\/index.php?rest_route=%2Fwp%2Fv2%2Fmedia&parent=142285"}],"wp:term":[{"taxonomy":"category","embeddable":true,"href":"http:\/\/www.sabinewenig.de\/myblog\/index.php?rest_route=%2Fwp%2Fv2%2Fcategories&post=142285"},{"taxonomy":"post_tag","embeddable":true,"href":"http:\/\/www.sabinewenig.de\/myblog\/index.php?rest_route=%2Fwp%2Fv2%2Ftags&post=142285"}],"curies":[{"name":"wp","href":"https:\/\/api.w.org\/{rel}","templated":true}]}}