{"id":128814,"date":"2023-02-01T11:01:29","date_gmt":"2023-02-01T10:01:29","guid":{"rendered":"http:\/\/www.sabinewenig.de\/myblog\/?p=128814"},"modified":"2025-07-28T13:34:33","modified_gmt":"2025-07-28T12:34:33","slug":"neu-im-febr-2023","status":"publish","type":"post","link":"http:\/\/www.sabinewenig.de\/myblog\/?p=128814","title":{"rendered":"Neu im Febr. 2023"},"content":{"rendered":"<p>Inhalt von Verbandsk\u00e4sten wird erg\u00e4nzt: Das \u00e4ndert sich alles im Februar 2023<br \/>\n<a href=\"https:\/\/www.gmx.net\/magazine\/ratgeber\/finanzen-verbraucher\/masken-kfz-verbandskasten-aendert-februar-2023-37731472#.homepage.pointOfViewTeaser.Inhalt%20von%20Verbandsk%C3%A4sten%20wird%20erg%C3%A4nzt:%20Das%20%C3%A4ndert%20sich%20alles%20im%20Februar%202023.4\" target=\"_blank\" rel=\"noopener\">https:\/\/www.gmx.net\/magazine\/ratgeber\/finanzen-verbraucher\/masken-kfz-verbandskasten-aendert-februar-2023-37731472#.homepage.pointOfViewTeaser.Inhalt%20von%20Verbandsk%C3%A4sten%20wird%20erg%C3%A4nzt:%20Das%20%C3%A4ndert%20sich%20alles%20im%20Februar%202023.4<\/a><\/p>\n<p>Maskenpflicht und Co: Das \u00e4ndert sich ab Februar<br \/>\n<a href=\"https:\/\/www.gmx.net\/magazine\/ratgeber\/finanzen-verbraucher\/corona-schutzmassnahmen-februar-37766862#.homepage.four_22_Coronavirus.Maskenpflicht%20und%20Co:%20Das%20%C3%A4ndert%20sich%20ab%20Februar.1\" target=\"_blank\" rel=\"noopener\">https:\/\/www.gmx.net\/magazine\/ratgeber\/finanzen-verbraucher\/corona-schutzmassnahmen-februar-37766862#.homepage.four_22_Coronavirus.Maskenpflicht%20und%20Co:%20Das%20%C3%A4ndert%20sich%20ab%20Februar.1<\/a><\/p>\n<p>Grundsteuer: Was bei Versp\u00e4tung droht<br \/>\n<a href=\"https:\/\/www.gmx.net\/magazine\/ratgeber\/finanzen-verbraucher\/abgabefrist-schaffen-grundsteuererklaerung-37758064#.homepage.threeList_4_Recommendation_treatSimple.Grundsteuer:%20Was%20bei%20Versp%C3%A4tung%20droht.3\" target=\"_blank\" rel=\"noopener\">https:\/\/www.gmx.net\/magazine\/ratgeber\/finanzen-verbraucher\/abgabefrist-schaffen-grundsteuererklaerung-37758064#.homepage.threeList_4_Recommendation_treatSimple.Grundsteuer:%20Was%20bei%20Versp%C3%A4tung%20droht.3<\/a><\/p>\n<p> Neues Gesetz f\u00fcr Autofahrer: Verbandskasten muss erweitert werden<br \/>\nHeute ist ein neues Gesetz in Kraft getreten, dass alle Auto-Besitzer betrifft. Der Verbandskasten muss k\u00fcnftig auch Masken enthalten \u2013 sonst droht ein Bu\u00dfgeld.<br \/>\n<a href=\"https:\/\/www.pcwelt.de\/article\/1499367\/neues-gesetz-fur-autofahrer-verbandskasten-muss-erweitert-werden.html?utm_date=20230201105013&#038;utm_campaign=Best-of%20PC-WELT&#038;utm_content=Title%3A%20Neues%20Gesetz%20f%C3%BCr%20Autofahrer%3A%20Verbandskasten%20muss%20erweitert%20werden&#038;utm_term=PC-WELT%20Newsletters&#038;utm_medium=email&#038;utm_source=Adestra&#038;tap=c1267905ed8eddbf57646eaf89e1efc8&#038;eh=f0a0bf66c1cb487b8c3cd229d8ea5be0faf65bcf4b52aabc9c7209eba1638b0f\" target=\"_blank\" rel=\"noopener\">https:\/\/www.pcwelt.de\/article\/1499367\/neues-gesetz-fur-autofahrer-verbandskasten-muss-erweitert-werden.html?utm_date=20230201105013&#038;utm_campaign=Best-of%20PC-WELT&#038;utm_content=Title%3A%20Neues%20Gesetz%20f%C3%BCr%20Autofahrer%3A%20Verbandskasten%20muss%20erweitert%20werden&#038;utm_term=PC-WELT%20Newsletters&#038;utm_medium=email&#038;utm_source=Adestra&#038;tap=c1267905ed8eddbf57646eaf89e1efc8&#038;eh=f0a0bf66c1cb487b8c3cd229d8ea5be0faf65bcf4b52aabc9c7209eba1638b0f<\/a><\/p>\n<p>&#8212;&#8212;&#8212;&#8212;&#8212;&#8212;&#8212;&#8212;&#8212;&#8212;&#8212;&#8212;&#8212;&#8212;&#8212;&#8212;-<\/p>\n<p>Februar ist <strong>Faschingszeit<\/strong> :<\/p>\n<p>Faschingskost\u00fcme<br \/>\nKost\u00fcmideen und Dekotrends f\u00fcr die n\u00e4rrische Zeit<br \/>\nhttps:\/\/www.gmx.net\/magazine\/bestenliste\/party\/karneval-fasching-party-naerrischen-zeit-37751128#.homepage.fourRow_19_Bestenliste.Kost%C3%BCmideen%20und%20Dekotrends%20f%C3%BCr%20die%20n%C3%A4rrische%20Zeit.0<\/p>\n","protected":false},"excerpt":{"rendered":"<p>Inhalt von Verbandsk\u00e4sten wird erg\u00e4nzt: Das \u00e4ndert sich alles im Februar 2023 https:\/\/www.gmx.net\/magazine\/ratgeber\/finanzen-verbraucher\/masken-kfz-verbandskasten-aendert-februar-2023-37731472#.homepage.pointOfViewTeaser.Inhalt%20von%20Verbandsk%C3%A4sten%20wird%20erg%C3%A4nzt:%20Das%20%C3%A4ndert%20sich%20alles%20im%20Februar%202023.4 Maskenpflicht und Co: Das \u00e4ndert sich ab Februar https:\/\/www.gmx.net\/magazine\/ratgeber\/finanzen-verbraucher\/corona-schutzmassnahmen-februar-37766862#.homepage.four_22_Coronavirus.Maskenpflicht%20und%20Co:%20Das%20%C3%A4ndert%20sich%20ab%20Februar.1 Grundsteuer: Was bei Versp\u00e4tung droht https:\/\/www.gmx.net\/magazine\/ratgeber\/finanzen-verbraucher\/abgabefrist-schaffen-grundsteuererklaerung-37758064#.homepage.threeList_4_Recommendation_treatSimple.Grundsteuer:%20Was%20bei%20Versp%C3%A4tung%20droht.3 Neues Gesetz f\u00fcr Autofahrer: Verbandskasten muss erweitert werden Heute ist ein neues &hellip; <a href=\"http:\/\/www.sabinewenig.de\/myblog\/?p=128814\">Weiterlesen <span class=\"meta-nav\">&rarr;<\/span><\/a><\/p>\n","protected":false},"author":1,"featured_media":0,"comment_status":"closed","ping_status":"open","sticky":false,"template":"","format":"standard","meta":{"ngg_post_thumbnail":0,"footnotes":""},"categories":[1,340,64,108,96,50],"tags":[190,224,12,186],"class_list":["post-128814","post","type-post","status-publish","format-standard","hentry","category-allgemein","category-erfahrungen","category-feiertage","category-leben","category-mitteilungen","category-tips","tag-feiertage","tag-leben","tag-mitteilung","tag-tips"],"_links":{"self":[{"href":"http:\/\/www.sabinewenig.de\/myblog\/index.php?rest_route=\/wp\/v2\/posts\/128814","targetHints":{"allow":["GET"]}}],"collection":[{"href":"http:\/\/www.sabinewenig.de\/myblog\/index.php?rest_route=\/wp\/v2\/posts"}],"about":[{"href":"http:\/\/www.sabinewenig.de\/myblog\/index.php?rest_route=\/wp\/v2\/types\/post"}],"author":[{"embeddable":true,"href":"http:\/\/www.sabinewenig.de\/myblog\/index.php?rest_route=\/wp\/v2\/users\/1"}],"replies":[{"embeddable":true,"href":"http:\/\/www.sabinewenig.de\/myblog\/index.php?rest_route=%2Fwp%2Fv2%2Fcomments&post=128814"}],"version-history":[{"count":0,"href":"http:\/\/www.sabinewenig.de\/myblog\/index.php?rest_route=\/wp\/v2\/posts\/128814\/revisions"}],"wp:attachment":[{"href":"http:\/\/www.sabinewenig.de\/myblog\/index.php?rest_route=%2Fwp%2Fv2%2Fmedia&parent=128814"}],"wp:term":[{"taxonomy":"category","embeddable":true,"href":"http:\/\/www.sabinewenig.de\/myblog\/index.php?rest_route=%2Fwp%2Fv2%2Fcategories&post=128814"},{"taxonomy":"post_tag","embeddable":true,"href":"http:\/\/www.sabinewenig.de\/myblog\/index.php?rest_route=%2Fwp%2Fv2%2Ftags&post=128814"}],"curies":[{"name":"wp","href":"https:\/\/api.w.org\/{rel}","templated":true}]}}