{"id":105972,"date":"2021-08-29T12:49:41","date_gmt":"2021-08-29T11:49:41","guid":{"rendered":"https:\/\/www.sabinewenig.de\/myblog\/?p=105972"},"modified":"2023-09-22T22:29:42","modified_gmt":"2023-09-22T21:29:42","slug":"29-8-tag-der-sabine","status":"publish","type":"post","link":"http:\/\/www.sabinewenig.de\/myblog\/?p=105972","title":{"rendered":"29.8. Tag der Sabine"},"content":{"rendered":"<p>aus dem Newsletter von berge &amp; meer :<br \/>\n<a href=\"https:\/\/view.mc.berge-meer.de\/?qs=c6b848a317cea7ae197b24781f5053046c31b421cbd904064465f4e1d574931890c588961616b12440d597fea903fae8f482d7e339e976f23b95ed94a145a9ce03bb0060ab486f1633c2067b320854af\" target=\"_blank\" rel=\"noopener\">https:\/\/view.mc.berge-meer.de\/?qs=c6b848a317cea7ae197b24781f5053046c31b421cbd904064465f4e1d574931890c588961616b12440d597fea903fae8f482d7e339e976f23b95ed94a145a9ce03bb0060ab486f1633c2067b320854af<\/a><\/p>\n<div class='stb-container stb-style-alert stb-no-caption stb-image-small'><div class='stb-caption'><div class='stb-logo'><img class='stb-logo__image' src='null.gif' alt='img'\/><\/div><div class='stb-caption-content'><\/div><div class='stb-tool'><\/div><\/div><div class='stb-content'><\/p>\n<p><img loading=\"lazy\" decoding=\"async\" class=\"alignnone size-medium wp-image-105973\" src=\"http:\/\/www.sabinewenig.de\/myblog\/wp-content\/uploads\/2021\/08\/picture-300x158.jpg\" alt=\"\" width=\"800\" height=\"420\" srcset=\"http:\/\/www.sabinewenig.de\/myblog\/wp-content\/uploads\/2021\/08\/picture-300x158.jpg 300w, http:\/\/www.sabinewenig.de\/myblog\/wp-content\/uploads\/2021\/08\/picture-768x403.jpg 768w, http:\/\/www.sabinewenig.de\/myblog\/wp-content\/uploads\/2021\/08\/picture.jpg 800w\" sizes=\"auto, (max-width: 800px) 100vw, 800px\" \/><\/p>\n<p>&#8230;<\/p>\n<p><img loading=\"lazy\" decoding=\"async\" class=\"alignnone size-medium wp-image-105977\" src=\"http:\/\/www.sabinewenig.de\/myblog\/wp-content\/uploads\/2021\/08\/sabine1-300x192.jpg\" alt=\"\" width=\"382\" height=\"245\" srcset=\"http:\/\/www.sabinewenig.de\/myblog\/wp-content\/uploads\/2021\/08\/sabine1-300x192.jpg 300w, http:\/\/www.sabinewenig.de\/myblog\/wp-content\/uploads\/2021\/08\/sabine1.jpg 382w\" sizes=\"auto, (max-width: 382px) 100vw, 382px\" \/><\/p>\n<p>&#8230;<\/p>\n<p><img loading=\"lazy\" decoding=\"async\" class=\"alignnone size-medium wp-image-105976\" src=\"http:\/\/www.sabinewenig.de\/myblog\/wp-content\/uploads\/2021\/08\/sabine-259x300.jpg\" alt=\"\" width=\"616\" height=\"713\" srcset=\"http:\/\/www.sabinewenig.de\/myblog\/wp-content\/uploads\/2021\/08\/sabine-259x300.jpg 259w, http:\/\/www.sabinewenig.de\/myblog\/wp-content\/uploads\/2021\/08\/sabine.jpg 616w\" sizes=\"auto, (max-width: 616px) 100vw, 616px\" \/><\/p>\n<p><\/div><\/div>\n<p>&nbsp;<\/p>\n<p>&nbsp;<\/p>\n<p>Sabiner bei wikipedia :<br \/>\n<a href=\"https:\/\/de.wikipedia.org\/wiki\/Sabiner\" target=\"_blank\" rel=\"noopener\">https:\/\/de.wikipedia.org\/wiki\/Sabiner<\/a><\/p>\n<p>Sabine bei Wikipedia :<br \/>\n<a href=\"https:\/\/de.wikipedia.org\/wiki\/Sabine_(Vorname)\" target=\"_blank\" rel=\"noopener\">https:\/\/de.wikipedia.org\/wiki\/Sabine_(Vorname)<\/a><\/p>\n<p>&nbsp;<br \/>\n\t\t  &nbsp;<br \/>\n\t\t  &nbsp;<br \/>\n\t\t  &nbsp;<br \/>\n\t\t  &nbsp;<br \/>\n*********************************************************<\/p>\n<p> &nbsp;<br \/>\n\t\t  &nbsp;<br \/>\n\t\t  &nbsp;<br \/>\n\t\t  &nbsp;<br \/>\n\t\t  &nbsp;<\/p>\n<p>\t\t  Auszug aus Newsletter von &#8222;Berge und Meer&#8220; 29.8.2023 :<\/p>\n<p>\t\t  &#8220;\t<strong>Kennen Sie die Bedeutung Ihres Vornamens?<\/strong>\t <\/p>\n<p>Die Herkunft des Namens Sabine ist lateinisch und basiert auf dem altr\u00f6mischen Beinamen Sabinus (weibl. Sabina) und bedeutet &#8222;aus dem Stamm der Sabiner&#8220; bzw. &#8222;die Sabinerin&#8220;.<\/p>\n<p> \t<strong>Das ist Ihr Namenstagpatron:<\/strong>\t <\/p>\n<p>Sabina von Rom<\/p>\n<p> \t<strong>Welche Geschichte steckt hinter Ihrem Vornamen?<\/strong>\t <\/p>\n<p>Sabina war eine Heilige und M\u00e4rtyrerin der fr\u00fchen Kirche. Der \u00dcberlieferung nach befand sich Anfang des 2. Jahrhunderts an der Stelle der heutigen Kirche Santa Sabina in Rom das Haus der vornehmen r\u00f6mischen Witwe Sabina. Sie war Heidin und hatte eine Sklavin mit Namen Serapia. Durch Serapia lernte Sabina das Christentum kennen und wurde schlie\u00dflich selbst Christin. Sowohl Sabina als auch Serapia wurden wegen ihres Glaubens angeklagt, verurteilt und hingerichtet. Ihr Haus wurde im 5. Jahrhundert zu einer Kirche umgebaut. Sabina gilt als eine der gro\u00dfen M\u00e4rtyrerinnen Roms. &#8220;                  <\/p>\n","protected":false},"excerpt":{"rendered":"<p>aus dem Newsletter von berge &amp; meer : https:\/\/view.mc.berge-meer.de\/?qs=c6b848a317cea7ae197b24781f5053046c31b421cbd904064465f4e1d574931890c588961616b12440d597fea903fae8f482d7e339e976f23b95ed94a145a9ce03bb0060ab486f1633c2067b320854af &nbsp; &nbsp; Sabiner bei wikipedia : https:\/\/de.wikipedia.org\/wiki\/Sabiner Sabine bei Wikipedia : https:\/\/de.wikipedia.org\/wiki\/Sabine_(Vorname) &nbsp; &nbsp; &nbsp; &nbsp; &nbsp; ********************************************************* &nbsp; &nbsp; &nbsp; &nbsp; &nbsp; Auszug aus Newsletter von &#8222;Berge und Meer&#8220; 29.8.2023 &hellip; <a href=\"http:\/\/www.sabinewenig.de\/myblog\/?p=105972\">Weiterlesen <span class=\"meta-nav\">&rarr;<\/span><\/a><\/p>\n","protected":false},"author":1,"featured_media":0,"comment_status":"closed","ping_status":"closed","sticky":false,"template":"","format":"standard","meta":{"ngg_post_thumbnail":0,"footnotes":""},"categories":[1,64,108,87,50],"tags":[190,224,12,209,186],"class_list":["post-105972","post","type-post","status-publish","format-standard","hentry","category-allgemein","category-feiertage","category-leben","category-sabine-wenig","category-tips","tag-feiertage","tag-leben","tag-mitteilung","tag-sabine-wenig","tag-tips"],"_links":{"self":[{"href":"http:\/\/www.sabinewenig.de\/myblog\/index.php?rest_route=\/wp\/v2\/posts\/105972","targetHints":{"allow":["GET"]}}],"collection":[{"href":"http:\/\/www.sabinewenig.de\/myblog\/index.php?rest_route=\/wp\/v2\/posts"}],"about":[{"href":"http:\/\/www.sabinewenig.de\/myblog\/index.php?rest_route=\/wp\/v2\/types\/post"}],"author":[{"embeddable":true,"href":"http:\/\/www.sabinewenig.de\/myblog\/index.php?rest_route=\/wp\/v2\/users\/1"}],"replies":[{"embeddable":true,"href":"http:\/\/www.sabinewenig.de\/myblog\/index.php?rest_route=%2Fwp%2Fv2%2Fcomments&post=105972"}],"version-history":[{"count":0,"href":"http:\/\/www.sabinewenig.de\/myblog\/index.php?rest_route=\/wp\/v2\/posts\/105972\/revisions"}],"wp:attachment":[{"href":"http:\/\/www.sabinewenig.de\/myblog\/index.php?rest_route=%2Fwp%2Fv2%2Fmedia&parent=105972"}],"wp:term":[{"taxonomy":"category","embeddable":true,"href":"http:\/\/www.sabinewenig.de\/myblog\/index.php?rest_route=%2Fwp%2Fv2%2Fcategories&post=105972"},{"taxonomy":"post_tag","embeddable":true,"href":"http:\/\/www.sabinewenig.de\/myblog\/index.php?rest_route=%2Fwp%2Fv2%2Ftags&post=105972"}],"curies":[{"name":"wp","href":"https:\/\/api.w.org\/{rel}","templated":true}]}}