{"id":517,"count":1,"description":"","link":"http:\/\/www.sabinewenig.de\/IG-Blog\/?tag=eroeffnung-neue-strassenbahn-linie-wiener-strasse","name":"Er\u00f6ffnung Neue Stra\u00dfenbahn-Linie Wiener Stra\u00dfe","slug":"eroeffnung-neue-strassenbahn-linie-wiener-strasse","taxonomy":"post_tag","meta":[],"_links":{"self":[{"href":"http:\/\/www.sabinewenig.de\/IG-Blog\/index.php?rest_route=\/wp\/v2\/tags\/517","targetHints":{"allow":["GET"]}}],"collection":[{"href":"http:\/\/www.sabinewenig.de\/IG-Blog\/index.php?rest_route=\/wp\/v2\/tags"}],"about":[{"href":"http:\/\/www.sabinewenig.de\/IG-Blog\/index.php?rest_route=\/wp\/v2\/taxonomies\/post_tag"}],"wp:post_type":[{"href":"http:\/\/www.sabinewenig.de\/IG-Blog\/index.php?rest_route=%2Fwp%2Fv2%2Fposts&tags=517"}],"curies":[{"name":"wp","href":"https:\/\/api.w.org\/{rel}","templated":true}]}}