{"id":160565,"date":"2025-02-19T17:48:42","date_gmt":"2025-02-19T16:48:42","guid":{"rendered":"http:\/\/www.sabinewenig.de\/IG-Blog\/?p=160565"},"modified":"2025-02-23T18:47:36","modified_gmt":"2025-02-23T17:47:36","slug":"kinderwunschzentrum","status":"publish","type":"post","link":"http:\/\/www.sabinewenig.de\/IG-Blog\/?p=160565","title":{"rendered":"Ausstellung : <br>Kinderwunschzentrum"},"content":{"rendered":"<p>*********************************<\/p>\n<p>Aus Email 2008 :<br \/>\n&#8222;Vermutlich Anfang Juli k\u00f6nnen wir eine kleine Ausstellung in einer gyn\u00e4k. Praxis im Ulrichshaus gestalten. Ich habe mal ca. 20. Aufnahmen eingereicht und wenn diese zusagen gebe ich gr\u00fcnes Licht. Mfg &#8220;<\/p>\n<p>*********************************<\/p>\n<p>Email :<br \/>\n&#8222;Liebe Mitglieder,am 16.1.2013 soll im ehemaligen Intershop (IBA) die Ausstellung aus dem Kinderwunschzentrum am Ulrichsplatz ausgestellt werden. Er\u00f6ffnung soll um 18.00Uhr sein.  Wir haben dort die M\u00f6glichkeit unseren Verein auch vorzustellen. Hierzu wird noch ein kleiner Abri\u00df unserer IG ben\u00f6tigt und ich m\u00f6chte alle bitten mir zuzuarbeiten. Ich werde Euch jedoch noch genauer informieren, da ich auch recht kurzfristig informiert wurde. Mfg &#8220;<\/p>\n<p>*********************************<\/p>\n<p>2008 :<\/p>\n<p><a href=\"http:\/\/www.sabinewenig.de\/IG-Blog\/wp-content\/uploads\/2025\/02\/2008-SCHM-a.jpg\" target=\"_blank\"><img loading=\"lazy\" decoding=\"async\" src=\"http:\/\/www.sabinewenig.de\/IG-Blog\/wp-content\/uploads\/2025\/02\/2008-SCHM-a-225x300.jpg\" alt=\"\" width=\"225\" height=\"300\" class=\"alignnone size-medium wp-image-161245\" srcset=\"http:\/\/www.sabinewenig.de\/IG-Blog\/wp-content\/uploads\/2025\/02\/2008-SCHM-a-225x300.jpg 225w, http:\/\/www.sabinewenig.de\/IG-Blog\/wp-content\/uploads\/2025\/02\/2008-SCHM-a.jpg 591w\" sizes=\"auto, (max-width: 225px) 100vw, 225px\" \/><\/a>&nbsp;&nbsp;&nbsp;<a href=\"http:\/\/www.sabinewenig.de\/IG-Blog\/wp-content\/uploads\/2025\/02\/2008-SCHM-b.jpg\" target=\"_blank\"><img loading=\"lazy\" decoding=\"async\" src=\"http:\/\/www.sabinewenig.de\/IG-Blog\/wp-content\/uploads\/2025\/02\/2008-SCHM-b-225x300.jpg\" alt=\"\" width=\"225\" height=\"300\" class=\"alignnone size-medium wp-image-161246\" srcset=\"http:\/\/www.sabinewenig.de\/IG-Blog\/wp-content\/uploads\/2025\/02\/2008-SCHM-b-225x300.jpg 225w, http:\/\/www.sabinewenig.de\/IG-Blog\/wp-content\/uploads\/2025\/02\/2008-SCHM-b.jpg 591w\" sizes=\"auto, (max-width: 225px) 100vw, 225px\" \/><\/a><\/p>\n<p>*********************************<\/p>\n","protected":false},"excerpt":{"rendered":"<p>********************************* Aus Email 2008 : &#8222;Vermutlich Anfang Juli k\u00f6nnen wir eine kleine Ausstellung in einer gyn\u00e4k. Praxis im Ulrichshaus gestalten. Ich habe mal ca. 20. Aufnahmen eingereicht und wenn diese zusagen gebe ich gr\u00fcnes Licht. Mfg &#8220; ********************************* Email : &hellip; <a href=\"http:\/\/www.sabinewenig.de\/IG-Blog\/?p=160565\">Weiterlesen <span class=\"meta-nav\">&rarr;<\/span><\/a><\/p>\n","protected":false},"author":1,"featured_media":0,"comment_status":"closed","ping_status":"open","sticky":false,"template":"","format":"standard","meta":{"footnotes":""},"categories":[419,407,498,145],"tags":[409,421,176,410,408,411,412,499,259],"class_list":["post-160565","post","type-post","status-publish","format-standard","hentry","category-ausstellung","category-ig-altes-magdeburg-e-v","category-kinderwunschzentrum","category-magdeburg","tag-altes","tag-ausstellung","tag-blog","tag-e-v","tag-ig","tag-ig-altes-magdeburg","tag-ig-altes-magdeburg-e-v","tag-kinderwunschzentrum","tag-magdeburg"],"_links":{"self":[{"href":"http:\/\/www.sabinewenig.de\/IG-Blog\/index.php?rest_route=\/wp\/v2\/posts\/160565","targetHints":{"allow":["GET"]}}],"collection":[{"href":"http:\/\/www.sabinewenig.de\/IG-Blog\/index.php?rest_route=\/wp\/v2\/posts"}],"about":[{"href":"http:\/\/www.sabinewenig.de\/IG-Blog\/index.php?rest_route=\/wp\/v2\/types\/post"}],"author":[{"embeddable":true,"href":"http:\/\/www.sabinewenig.de\/IG-Blog\/index.php?rest_route=\/wp\/v2\/users\/1"}],"replies":[{"embeddable":true,"href":"http:\/\/www.sabinewenig.de\/IG-Blog\/index.php?rest_route=%2Fwp%2Fv2%2Fcomments&post=160565"}],"version-history":[{"count":0,"href":"http:\/\/www.sabinewenig.de\/IG-Blog\/index.php?rest_route=\/wp\/v2\/posts\/160565\/revisions"}],"wp:attachment":[{"href":"http:\/\/www.sabinewenig.de\/IG-Blog\/index.php?rest_route=%2Fwp%2Fv2%2Fmedia&parent=160565"}],"wp:term":[{"taxonomy":"category","embeddable":true,"href":"http:\/\/www.sabinewenig.de\/IG-Blog\/index.php?rest_route=%2Fwp%2Fv2%2Fcategories&post=160565"},{"taxonomy":"post_tag","embeddable":true,"href":"http:\/\/www.sabinewenig.de\/IG-Blog\/index.php?rest_route=%2Fwp%2Fv2%2Ftags&post=160565"}],"curies":[{"name":"wp","href":"https:\/\/api.w.org\/{rel}","templated":true}]}}