{"id":160554,"date":"2025-02-19T17:33:34","date_gmt":"2025-02-19T16:33:34","guid":{"rendered":"http:\/\/www.sabinewenig.de\/IG-Blog\/?p=160554"},"modified":"2025-02-19T17:55:17","modified_gmt":"2025-02-19T16:55:17","slug":"schlosskueche-stadtfeld","status":"publish","type":"post","link":"http:\/\/www.sabinewenig.de\/IG-Blog\/?p=160554","title":{"rendered":"Ausstellung : <br>Schlo\u00dfk\u00fcche Stadtfeld"},"content":{"rendered":"<p>*********************************<\/p>\n<p><a href=\"https:\/\/www.schlosskueche.info\/ausstellung_wechselausstellung_bisherige.htm\" target=\"_blank\">https:\/\/www.schlosskueche.info\/ausstellung_wechselausstellung_bisherige.htm<\/a>:<\/p>\n<p>&#8222;Die neunte Wechselausstellung zeigte zum Thema \u201eStadtfeld zur Gr\u00fcnderzeit 2\u201c Ansichtskarten von Dr. Schmietendorf als Aktivit\u00e4t der IG Altes Mageburg e.V. \u00fcber den Verlauf der Diesdorfer Stra\u00dfe und Keramiken von Marlis Radebold aus Berlin bis zum 14.08.2016.&#8220;<\/p>\n<p>&#8222;Die siebte Wechselausstellung zeigt Ansichtskarten aus der Sammlung Dr. Schmietendorf als Aktivit\u00e4t der IG Altes Magdeburg e.V. &#8222;Stadtfeld zur Gr\u00fcnderzeit\/ Olvenstedter Stra\u00dfe&#8220; und Keramik von Sigrid Hilpert- Artes aus Dresden.&#8220;<\/p>\n<p><a href=\"http:\/\/www.sabinewenig.de\/IG-Blog\/wp-content\/uploads\/2025\/02\/Heiko-in-Schlosskueche-Ausstellung.jpg\" target=\"_blank\"><img loading=\"lazy\" decoding=\"async\" src=\"http:\/\/www.sabinewenig.de\/IG-Blog\/wp-content\/uploads\/2025\/02\/Heiko-in-Schlosskueche-Ausstellung.jpg\" alt=\"\" width=\"300\" height=\"200\" class=\"alignnone size-full wp-image-160550\" \/><\/a>&nbsp;&nbsp;&nbsp;<a href=\"http:\/\/www.sabinewenig.de\/IG-Blog\/wp-content\/uploads\/2025\/02\/Heiko-in-Schlosskueche-Ausstellung1.jpg\" target=\"_blank\"><img loading=\"lazy\" decoding=\"async\" src=\"http:\/\/www.sabinewenig.de\/IG-Blog\/wp-content\/uploads\/2025\/02\/Heiko-in-Schlosskueche-Ausstellung1.jpg\" alt=\"\" width=\"300\" height=\"200\" class=\"alignnone size-medium wp-image-160551\" \/><\/a><\/p>\n<p>*********************************<\/p>\n","protected":false},"excerpt":{"rendered":"<p>********************************* https:\/\/www.schlosskueche.info\/ausstellung_wechselausstellung_bisherige.htm: &#8222;Die neunte Wechselausstellung zeigte zum Thema \u201eStadtfeld zur Gr\u00fcnderzeit 2\u201c Ansichtskarten von Dr. Schmietendorf als Aktivit\u00e4t der IG Altes Mageburg e.V. \u00fcber den Verlauf der Diesdorfer Stra\u00dfe und Keramiken von Marlis Radebold aus Berlin bis zum 14.08.2016.&#8220; &#8222;Die &hellip; <a href=\"http:\/\/www.sabinewenig.de\/IG-Blog\/?p=160554\">Weiterlesen <span class=\"meta-nav\">&rarr;<\/span><\/a><\/p>\n","protected":false},"author":1,"featured_media":0,"comment_status":"closed","ping_status":"open","sticky":false,"template":"","format":"standard","meta":{"footnotes":""},"categories":[419,407,145,496],"tags":[409,421,176,410,408,411,412,259,497],"class_list":["post-160554","post","type-post","status-publish","format-standard","hentry","category-ausstellung","category-ig-altes-magdeburg-e-v","category-magdeburg","category-schlosskueche-stadtfeld","tag-altes","tag-ausstellung","tag-blog","tag-e-v","tag-ig","tag-ig-altes-magdeburg","tag-ig-altes-magdeburg-e-v","tag-magdeburg","tag-schlosskueche-stadtfeld"],"_links":{"self":[{"href":"http:\/\/www.sabinewenig.de\/IG-Blog\/index.php?rest_route=\/wp\/v2\/posts\/160554","targetHints":{"allow":["GET"]}}],"collection":[{"href":"http:\/\/www.sabinewenig.de\/IG-Blog\/index.php?rest_route=\/wp\/v2\/posts"}],"about":[{"href":"http:\/\/www.sabinewenig.de\/IG-Blog\/index.php?rest_route=\/wp\/v2\/types\/post"}],"author":[{"embeddable":true,"href":"http:\/\/www.sabinewenig.de\/IG-Blog\/index.php?rest_route=\/wp\/v2\/users\/1"}],"replies":[{"embeddable":true,"href":"http:\/\/www.sabinewenig.de\/IG-Blog\/index.php?rest_route=%2Fwp%2Fv2%2Fcomments&post=160554"}],"version-history":[{"count":0,"href":"http:\/\/www.sabinewenig.de\/IG-Blog\/index.php?rest_route=\/wp\/v2\/posts\/160554\/revisions"}],"wp:attachment":[{"href":"http:\/\/www.sabinewenig.de\/IG-Blog\/index.php?rest_route=%2Fwp%2Fv2%2Fmedia&parent=160554"}],"wp:term":[{"taxonomy":"category","embeddable":true,"href":"http:\/\/www.sabinewenig.de\/IG-Blog\/index.php?rest_route=%2Fwp%2Fv2%2Fcategories&post=160554"},{"taxonomy":"post_tag","embeddable":true,"href":"http:\/\/www.sabinewenig.de\/IG-Blog\/index.php?rest_route=%2Fwp%2Fv2%2Ftags&post=160554"}],"curies":[{"name":"wp","href":"https:\/\/api.w.org\/{rel}","templated":true}]}}