{"id":158351,"date":"2025-02-08T16:30:40","date_gmt":"2025-02-08T15:30:40","guid":{"rendered":"http:\/\/www.sabinewenig.de\/IG-Blog\/?p=158351"},"modified":"2026-04-17T10:31:48","modified_gmt":"2026-04-17T09:31:48","slug":"protokolle","status":"publish","type":"post","link":"http:\/\/www.sabinewenig.de\/IG-Blog\/?p=158351","title":{"rendered":"Protokolle"},"content":{"rendered":"<p>*********************************<\/p>\n<p>2004<\/p>\n<p>Gr\u00fcndungs-Protokoll :<\/p>\n<p><a href=\"http:\/\/www.sabinewenig.de\/IG-Blog\/wp-content\/uploads\/2025\/02\/Gruendungsprotokoll-Seite1.pdf\" target=\"_blank\">Gr\u00fcndungsprotokoll-Seite1<\/a><\/p>\n<p><a href=\"http:\/\/www.sabinewenig.de\/IG-Blog\/wp-content\/uploads\/2025\/02\/Gruendungsprotokoll-Seite2.pdf\" target=\"_blank\">Gr\u00fcndungsprotokoll-Seite2<\/a><\/p>\n<p><a href=\"http:\/\/www.sabinewenig.de\/IG-Blog\/wp-content\/uploads\/2025\/02\/Gruendungsprotokoll-Seite3.pdf\" target=\"_blank\">Gr\u00fcndungsprotokoll-Seite3<\/a><\/p>\n<p>*********************************<\/p>\n<p>2005<\/p>\n<p><a href=\"http:\/\/www.sabinewenig.de\/IG-Blog\/wp-content\/uploads\/2025\/02\/Protokoll-26_09_05.pdf\"  target=\"_blank\">Protokoll 26_09_05<\/a><\/p>\n<p><a href=\"http:\/\/www.sabinewenig.de\/IG-Blog\/wp-content\/uploads\/2025\/02\/Protokoll-2005-09.pdf\"  target=\"_blank\">Protokoll 2005-09<\/a><\/p>\n<p><a href=\"http:\/\/www.sabinewenig.de\/IG-Blog\/wp-content\/uploads\/2025\/02\/Protokoll-2005-10.pdf\"  target=\"_blank\">Protokoll 2005-10<\/a><\/p>\n<p><a href=\"http:\/\/www.sabinewenig.de\/IG-Blog\/wp-content\/uploads\/2025\/02\/JHV-2005-Protokoll.pdf\"  target=\"_blank\">JHV 2005 Protokoll<\/a><\/p>\n<p>*********************************<\/p>\n<p>2006<\/p>\n<p><a href=\"http:\/\/www.sabinewenig.de\/IG-Blog\/wp-content\/uploads\/2025\/02\/Protokoll-2006-01.pdf\"  target=\"_blank\">Protokoll 2006-01<\/a><\/p>\n<p><a href=\"http:\/\/www.sabinewenig.de\/IG-Blog\/wp-content\/uploads\/2025\/02\/Protokoll-2006-02.pdf\"  target=\"_blank\">Protokoll 2006-02<\/a><\/p>\n<p><a href=\"http:\/\/www.sabinewenig.de\/IG-Blog\/wp-content\/uploads\/2025\/02\/Protokoll_27_2_06-Seite1.pdf\"  target=\"_blank\">Protokoll_27_2_06-Seite1<\/a><\/p>\n<p><a href=\"http:\/\/www.sabinewenig.de\/IG-Blog\/wp-content\/uploads\/2025\/02\/Protokoll_27_2_06-Seite2.pdf\"  target=\"_blank\">Protokoll_27_2_06-Seite2<\/a><\/p>\n<p><a href=\"http:\/\/www.sabinewenig.de\/IG-Blog\/wp-content\/uploads\/2025\/02\/Protokoll-05_2006.pdf\"  target=\"_blank\">Protokoll 05_2006<\/a><\/p>\n<p>Sommerpause<\/p>\n<p><a href=\"http:\/\/www.sabinewenig.de\/IG-Blog\/wp-content\/uploads\/2025\/02\/IG-Protokoll-vom-28_8_06.pdf\" target=\"_blank\">IG-Protokoll vom 28_8_06<\/a><\/p>\n<p><a href=\"http:\/\/www.sabinewenig.de\/IG-Blog\/wp-content\/uploads\/2025\/02\/IG-Protokoll-25_9_06.pdf\" target=\"_blank\">IG-Protokoll 25_9_06<\/a><\/p>\n<p><a href=\"http:\/\/www.sabinewenig.de\/IG-Blog\/wp-content\/uploads\/2025\/02\/Protokoll-2006-10.pdf\"  target=\"_blank\">Protokoll 2006-10<\/a><\/p>\n<p><a href=\"http:\/\/www.sabinewenig.de\/IG-Blog\/wp-content\/uploads\/2025\/02\/Protokoll-2006-11.pdf\"  target=\"_blank\">Protokoll 2006-11<\/a><\/p>\n<p>*********************************<\/p>\n<p>2007<\/p>\n<p><a href=\"http:\/\/www.sabinewenig.de\/IG-Blog\/wp-content\/uploads\/2025\/02\/Protokoll-2007-01.pdf\"  target=\"_blank\">Protokoll 2007-01<\/a><\/p>\n<p><a href=\"http:\/\/www.sabinewenig.de\/IG-Blog\/wp-content\/uploads\/2025\/02\/Protokoll-2007-02.pdf\"  target=\"_blank\">Protokoll 2007-02<\/a><\/p>\n<p><a href=\"http:\/\/www.sabinewenig.de\/IG-Blog\/wp-content\/uploads\/2025\/02\/Sommerfeldt-_-IG-Protokoll9_2_07-1.pdf\"  target=\"_blank\">Sommerfeldt _ IG-Protokoll9_2_07<\/a><\/p>\n<p><a href=\"http:\/\/www.sabinewenig.de\/IG-Blog\/wp-content\/uploads\/2025\/02\/Protokoll-2007-03.pdf\"  target=\"_blank\">Protokoll 2007-03<\/a><\/p>\n<p><a href=\"http:\/\/www.sabinewenig.de\/IG-Blog\/wp-content\/uploads\/2025\/02\/Protokoll-2007-04.pdf\"  target=\"_blank\">Protokoll 2007-04<\/a><\/p>\n<p><a href=\"http:\/\/www.sabinewenig.de\/IG-Blog\/wp-content\/uploads\/2025\/02\/Protokoll-2007-06.pdf\"  target=\"_blank\">Protokoll 2007-06<\/a><\/p>\n<p>Sommerpause<\/p>\n<p><a href=\"http:\/\/www.sabinewenig.de\/IG-Blog\/wp-content\/uploads\/2025\/02\/Protokoll-2007-09.pdf\"  target=\"_blank\">Protokoll 2007-09<\/a><\/p>\n<p><a href=\"http:\/\/www.sabinewenig.de\/IG-Blog\/wp-content\/uploads\/2025\/02\/Protokoll-2007-09-a.pdf\"  target=\"_blank\">Protokoll 2007-09 a<\/a><\/p>\n<p><a href=\"http:\/\/www.sabinewenig.de\/IG-Blog\/wp-content\/uploads\/2025\/02\/Protokoll_29_10_07.pdf\"  target=\"_blank\">Protokoll_29_10_07<\/a><\/p>\n<p><a href=\"http:\/\/www.sabinewenig.de\/IG-Blog\/wp-content\/uploads\/2025\/02\/Protokol-_29_10_07.pdf\"  target=\"_blank\">Protokol _29_10_07<\/a><\/p>\n<p><a href=\"http:\/\/www.sabinewenig.de\/IG-Blog\/wp-content\/uploads\/2025\/02\/JHV-2007-12.pdf\"  target=\"_blank\">JHV 2007-12<\/a><\/p>\n<p>*********************************<\/p>\n<p>2008<\/p>\n<p><a href=\"http:\/\/www.sabinewenig.de\/IG-Blog\/wp-content\/uploads\/2025\/02\/Protokoll-2008-01-a.pdf\"  target=\"_blank\">Protokoll 2008-01 a<\/a><\/p>\n<p><a href=\"http:\/\/www.sabinewenig.de\/IG-Blog\/wp-content\/uploads\/2025\/02\/Protokoll-2008-01.pdf\"  target=\"_blank\">Protokoll 2008-01<\/a><\/p>\n<p><a href=\"http:\/\/www.sabinewenig.de\/IG-Blog\/wp-content\/uploads\/2025\/02\/Protokoll-2008-02.pdf\"  target=\"_blank\">Protokoll 2008-02<\/a><\/p>\n<p><a href=\"http:\/\/www.sabinewenig.de\/IG-Blog\/wp-content\/uploads\/2025\/02\/Protokoll_25_02_08.pdf\"  target=\"_blank\">Protokoll_25_02_08<\/a><\/p>\n<p><a href=\"http:\/\/www.sabinewenig.de\/IG-Blog\/wp-content\/uploads\/2025\/02\/Protokoll-2008-03.pdf\"  target=\"_blank\">Protokoll 2008-03<\/a><\/p>\n<p><a href=\"http:\/\/www.sabinewenig.de\/IG-Blog\/wp-content\/uploads\/2025\/02\/IG-Protokoll-_3_3_08a.pdf\" target=\"_blank\">IG-Protokoll _3_3_08a<\/a><\/p>\n<p><a href=\"http:\/\/www.sabinewenig.de\/IG-Blog\/wp-content\/uploads\/2025\/02\/Protokoll_31_03_08.pdf\"  target=\"_blank\">Protokoll_31_03_08<\/a><\/p>\n<p><a href=\"http:\/\/www.sabinewenig.de\/IG-Blog\/wp-content\/uploads\/2025\/02\/Protokoll_28_04_08.pdf\"  target=\"_blank\">Protokoll_28_04_08<\/a><\/p>\n<p><a href=\"http:\/\/www.sabinewenig.de\/IG-Blog\/wp-content\/uploads\/2025\/02\/Protokoll_26_05_08.pdf\"  target=\"_blank\">Protokoll_26_05_08<\/a><\/p>\n<p>Sommerpause<\/p>\n<p><a href=\"http:\/\/www.sabinewenig.de\/IG-Blog\/wp-content\/uploads\/2025\/02\/Protokoll-2008-07.pdf\"  target=\"_blank\">Protokoll 2008-07<\/a><\/p>\n<p><a href=\"http:\/\/www.sabinewenig.de\/IG-Blog\/wp-content\/uploads\/2025\/02\/Protokoll-2008-09.pdf\"  target=\"_blank\">Protokoll 2008-09<\/a><\/p>\n<p><a href=\"http:\/\/www.sabinewenig.de\/IG-Blog\/wp-content\/uploads\/2025\/02\/Protokoll_27_10_08.pdf\"  target=\"_blank\">Protokoll_27_10_08<\/a><\/p>\n<p>*********************************<\/p>\n<p>2009<\/p>\n<p><a href=\"http:\/\/www.sabinewenig.de\/IG-Blog\/wp-content\/uploads\/2025\/02\/Protokoll-2009-01.pdf\"  target=\"_blank\">Protokoll 2009-01<\/a><\/p>\n<p><a href=\"http:\/\/www.sabinewenig.de\/IG-Blog\/wp-content\/uploads\/2025\/02\/IG-Protokoll-2009_03.pdf\"  target=\"_blank\">IG-Protokoll 2009_03<\/a><\/p>\n<p><a href=\"http:\/\/www.sabinewenig.de\/IG-Blog\/wp-content\/uploads\/2025\/02\/Protokoll-2009-03-a.pdf\"  target=\"_blank\">Protokoll 2009-03 a<\/a><\/p>\n<p><a href=\"http:\/\/www.sabinewenig.de\/IG-Blog\/wp-content\/uploads\/2025\/02\/Protokoll-2009-04.pdf\"  target=\"_blank\">Protokoll 2009-04<\/a><\/p>\n<p><a href=\"http:\/\/www.sabinewenig.de\/IG-Blog\/wp-content\/uploads\/2025\/02\/Protokoll-2009-05.pdf\"  target=\"_blank\">Protokoll 2009-05<\/a><\/p>\n<p><a href=\"http:\/\/www.sabinewenig.de\/IG-Blog\/wp-content\/uploads\/2025\/02\/Protokoll-2009-06.pdf\"  target=\"_blank\">Protokoll 2009-06<\/a><\/p>\n<p><a href=\"http:\/\/www.sabinewenig.de\/IG-Blog\/wp-content\/uploads\/2025\/02\/Protokoll-2009-07.pdf\"  target=\"_blank\">Protokoll 2009-07<\/a><\/p>\n<p><a href=\"http:\/\/www.sabinewenig.de\/IG-Blog\/wp-content\/uploads\/2025\/02\/Prot-Juli09.pdf\"  target=\"_blank\">Prot Juli09<\/a><\/p>\n<p><a href=\"http:\/\/www.sabinewenig.de\/IG-Blog\/wp-content\/uploads\/2025\/02\/Niederschrift-IG-Versammlung-Aug2009.pdf\" target=\"_blank\">Niederschrift IG-Versammlung Aug2009<\/a><\/p>\n<p><a href=\"http:\/\/www.sabinewenig.de\/IG-Blog\/wp-content\/uploads\/2025\/02\/Niederschrift-IG-Versammlung-Sept2009.pdf\" target=\"_blank\">Niederschrift IG-Versammlung Sept2009<\/a><\/p>\n<p><a href=\"http:\/\/www.sabinewenig.de\/IG-Blog\/wp-content\/uploads\/2025\/02\/IG-Protokoll-2009-09.pdf\" target=\"_blank\">IG-Protokoll 2009-09<\/a><\/p>\n<p><a href=\"http:\/\/www.sabinewenig.de\/IG-Blog\/wp-content\/uploads\/2025\/02\/Protokoll_26_10_09.pdf\"  target=\"_blank\">Protokoll_26_10_09<\/a><\/p>\n<p><a href=\"http:\/\/www.sabinewenig.de\/IG-Blog\/wp-content\/uploads\/2025\/02\/Jahreshauptversammlung2009Anwesenheit.pdf\"  target=\"_blank\">Jahreshauptversammlung2009Anwesenheit<\/a><\/p>\n<p><a href=\"http:\/\/www.sabinewenig.de\/IG-Blog\/wp-content\/uploads\/2025\/02\/Fw_-IG-Protokoll-der-JHV-2009.pdf\" target=\"_blank\">Fw_ IG-Protokoll der JHV 2009<\/a><\/p>\n<p>*********************************<\/p>\n<p>2010<\/p>\n<p><a href=\"http:\/\/www.sabinewenig.de\/IG-Blog\/wp-content\/uploads\/2025\/02\/IG-Protokoll-2010-1.pdf\" target=\"_blank\">IG-Protokoll 2010-1<\/a><\/p>\n<p><a href=\"http:\/\/www.sabinewenig.de\/IG-Blog\/wp-content\/uploads\/2025\/02\/IG-Protokoll-2010-04.pdf\" target=\"_blank\">IG-Protokoll 2010-04<\/a><\/p>\n<p><a href=\"http:\/\/www.sabinewenig.de\/IG-Blog\/wp-content\/uploads\/2025\/02\/Sommerfeldt-_-Prot_-2010-05.pdf\" target=\"_blank\">Sommerfeldt _ Prot_ 2010-05<\/a><\/p>\n<p><a href=\"http:\/\/www.sabinewenig.de\/IG-Blog\/wp-content\/uploads\/2025\/02\/IG-Protokoll-2010-06.pdf\"  target=\"_blank\">IG-Protokoll 2010-06<\/a><\/p>\n<p>Sommerpause<\/p>\n<p><a href=\"http:\/\/www.sabinewenig.de\/IG-Blog\/wp-content\/uploads\/2025\/02\/Protokoll-_30_08_10.pdf\"  target=\"_blank\">Protokoll _30_08_10<\/a><\/p>\n<p><a href=\"http:\/\/www.sabinewenig.de\/IG-Blog\/wp-content\/uploads\/2025\/02\/IG-Protokoll-2010-09.pdf\" target=\"_blank\">IG-Protokoll 2010-09<\/a><\/p>\n<p><a href=\"http:\/\/www.sabinewenig.de\/IG-Blog\/wp-content\/uploads\/2025\/02\/Protokoll-_25_10_10.pdf\"  target=\"_blank\">Protokoll _25_10_10<\/a><\/p>\n<p><a href=\"http:\/\/www.sabinewenig.de\/IG-Blog\/wp-content\/uploads\/2025\/02\/IG-Protokoll-11_2010.pdf\" target=\"_blank\">IG-Protokoll 11_2010<\/a><\/p>\n<p>*********************************<\/p>\n<p>2011<\/p>\n<p><a href=\"http:\/\/www.sabinewenig.de\/IG-Blog\/wp-content\/uploads\/2025\/02\/Protokoll-_31_01_11.pdf\"  target=\"_blank\">Protokoll _31_01_11<\/a><\/p>\n<p><a href=\"http:\/\/www.sabinewenig.de\/IG-Blog\/wp-content\/uploads\/2025\/02\/Protokoll-2011-02.pdf\" target=\"_blank\">Protokoll 2011-02<\/a><\/p>\n<p><a href=\"http:\/\/www.sabinewenig.de\/IG-Blog\/wp-content\/uploads\/2025\/02\/Protokoll-_18_04_11.pdf\"  target=\"_blank\">Protokoll _18_04_11<\/a><\/p>\n<p><a href=\"http:\/\/www.sabinewenig.de\/IG-Blog\/wp-content\/uploads\/2025\/02\/IG-Protokoll-2011-04.pdf\" target=\"_blank\">IG-Protokoll 2011-04<\/a><\/p>\n<p><a href=\"http:\/\/www.sabinewenig.de\/IG-Blog\/wp-content\/uploads\/2025\/02\/IG-Protokoll-2011-05.pdf\" target=\"_blank\">IG-Protokoll 2011-05<\/a><\/p>\n<p><a href=\"http:\/\/www.sabinewenig.de\/IG-Blog\/wp-content\/uploads\/2025\/02\/IG-Protokoll-2011-06.pdf\" target=\"_blank\">IG Protokoll 2011-06<\/a><\/p>\n<p><a href=\"http:\/\/www.sabinewenig.de\/IG-Blog\/wp-content\/uploads\/2025\/02\/Protokoll-2011-07.pdf\"  target=\"_blank\">Protokoll 2011-07<\/a><\/p>\n<p>Sommerpause<\/p>\n<p><a href=\"http:\/\/www.sabinewenig.de\/IG-Blog\/wp-content\/uploads\/2025\/02\/Protokoll-_26_09_11.pdf\"  target=\"_blank\">Protokoll _26_09_11<\/a><\/p>\n<p><a href=\"http:\/\/www.sabinewenig.de\/IG-Blog\/wp-content\/uploads\/2025\/02\/Protokoll-_24_10_11.pdf\"  target=\"_blank\">Protokoll _24_10_11<\/a><\/p>\n<p><a href=\"http:\/\/www.sabinewenig.de\/IG-Blog\/wp-content\/uploads\/2025\/02\/IG-Protokoll_2011-11.pdf\"  target=\"_blank\">IG-Protokoll_2011-11<\/a><\/p>\n<p><a href=\"http:\/\/www.sabinewenig.de\/IG-Blog\/wp-content\/uploads\/2025\/02\/IG-JHV_2011.pdf\"  target=\"_blank\">IG-JHV_2011<\/a><\/p>\n<p>*********************************<\/p>\n<p>2012<\/p>\n<p><a href=\"http:\/\/www.sabinewenig.de\/IG-Blog\/wp-content\/uploads\/2025\/02\/Fw_-IG-Protokoll-2012-_-01.pdf\" target=\"_blank\">Fw_ IG-Protokoll 2012 _ 01<\/a><\/p>\n<p><a href=\"http:\/\/www.sabinewenig.de\/IG-Blog\/wp-content\/uploads\/2025\/02\/Fwd_-IG-Protokoll-2012-2.pdf\" target=\"_blank\">Fwd_ IG-Protokoll 2012-2<\/a><\/p>\n<p><a href=\"http:\/\/www.sabinewenig.de\/IG-Blog\/wp-content\/uploads\/2025\/02\/IG-Protokoll26_3_2012.pdf\" target=\"_blank\">IG-Protokoll26_3_2012<\/a><\/p>\n<p><a href=\"http:\/\/www.sabinewenig.de\/IG-Blog\/wp-content\/uploads\/2025\/02\/Fwd_-IG-Protokoll-2012_05.pdf\" target=\"_blank\">Fwd_ IG-Protokoll 2012_05<\/a><\/p>\n<p><a href=\"http:\/\/www.sabinewenig.de\/IG-Blog\/wp-content\/uploads\/2025\/02\/IG-Protokoll-Juni-2012.pdf\" target=\"_blank\">IG-Protokoll Juni 2012<\/a><\/p>\n<p><a href=\"http:\/\/www.sabinewenig.de\/IG-Blog\/wp-content\/uploads\/2025\/02\/Protokoll_30_07_2012.pdf\"  target=\"_blank\">Protokoll_30_07_2012<\/a><\/p>\n<p><a href=\"http:\/\/www.sabinewenig.de\/IG-Blog\/wp-content\/uploads\/2025\/02\/Fwd_-IG-Protokoll-2012-08.pdf\" target=\"_blank\">Fwd_ IG-Protokoll 2012-08<\/a><\/p>\n<p><a href=\"http:\/\/www.sabinewenig.de\/IG-Blog\/wp-content\/uploads\/2025\/02\/Fwd_-IG-Protokoll-2012-09.pdf\" target=\"_blank\">Fwd_ IG-Protokoll 2012-09<\/a><\/p>\n<p><a href=\"http:\/\/www.sabinewenig.de\/IG-Blog\/wp-content\/uploads\/2025\/02\/Protokoll_29_10_2012.pdf\"  target=\"_blank\">Protokoll_29_10_2012<\/a><\/p>\n<p><a href=\"http:\/\/www.sabinewenig.de\/IG-Blog\/wp-content\/uploads\/2025\/02\/Protokoll_26_11_2012.pdf\"  target=\"_blank\">Protokoll_26_11_2012<\/a><\/p>\n<p><a href=\"http:\/\/www.sabinewenig.de\/IG-Blog\/wp-content\/uploads\/2025\/02\/JHV-2012-Einnahme-Ausgaben-Rechnung.pdf\"  target=\"_blank\">JHV 2012 Einnahme-Ausgaben-Rechnung<\/a><\/p>\n<p><a href=\"http:\/\/www.sabinewenig.de\/IG-Blog\/wp-content\/uploads\/2025\/02\/JHV-2012-Protokoll-Seite1.pdf\"  target=\"_blank\">JHV 2012 Protokoll-Seite1<\/a><\/p>\n<p><a href=\"http:\/\/www.sabinewenig.de\/IG-Blog\/wp-content\/uploads\/2025\/02\/JHV-2012-Protokoll-Seite2.pdf\"  target=\"_blank\">JHV 2012 Protokoll-Seite2<\/a><\/p>\n<p><a href=\"http:\/\/www.sabinewenig.de\/IG-Blog\/wp-content\/uploads\/2025\/02\/JHV-2012-Anwesenheitsliste.pdf\"  target=\"_blank\">JHV 2012 Anwesenheitsliste<\/a><\/p>\n<p>*********************************<\/p>\n<p>2013<\/p>\n<p><a href=\"http:\/\/www.sabinewenig.de\/IG-Blog\/wp-content\/uploads\/2025\/02\/Protokoll_25_02_2013.pdf\"  target=\"_blank\">Protokoll_25_02_2013<\/a><\/p>\n<p><a href=\"http:\/\/www.sabinewenig.de\/IG-Blog\/wp-content\/uploads\/2025\/02\/IG-Protokoll-2013-3.pdf\" target=\"_blank\">IG-Protokoll 2013-3<\/a><\/p>\n<p><a href=\"http:\/\/www.sabinewenig.de\/IG-Blog\/wp-content\/uploads\/2025\/02\/IG-Protokoll-05_2013.pdf\"  target=\"_blank\">IG-Protokoll 05_2013<\/a><\/p>\n<p><a href=\"http:\/\/www.sabinewenig.de\/IG-Blog\/wp-content\/uploads\/2025\/02\/Protokoll-06_2013.pdf\"  target=\"_blank\">Protokoll 06_2013<\/a><\/p>\n<p><a href=\"http:\/\/www.sabinewenig.de\/IG-Blog\/wp-content\/uploads\/2025\/02\/Protokoll-07_2013.pdf\" target=\"_blank\">Protokoll 07_2013<\/a><\/p>\n<p><a href=\"http:\/\/www.sabinewenig.de\/IG-Blog\/wp-content\/uploads\/2025\/02\/Protokoll-2013_08.pdf\" target=\"_blank\">Protokoll 2013_08<\/a><\/p>\n<p><a href=\"http:\/\/www.sabinewenig.de\/IG-Blog\/wp-content\/uploads\/2025\/02\/IG-Protokoll-2013-09.pdf\" target=\"_blank\">IG-Protokoll 2013-09<\/a><\/p>\n<p><a href=\"http:\/\/www.sabinewenig.de\/IG-Blog\/wp-content\/uploads\/2025\/02\/Protokoll_28_10_2013.pdf\"  target=\"_blank\">Protokoll_28_10_2013<\/a><\/p>\n<p><a href=\"http:\/\/www.sabinewenig.de\/IG-Blog\/wp-content\/uploads\/2025\/02\/IG-Protokoll-2013-11.pdf\"  target=\"_blank\">IG-Protokoll 2013-11<\/a><\/p>\n<p><a href=\"http:\/\/www.sabinewenig.de\/IG-Blog\/wp-content\/uploads\/2025\/02\/Protokoll_3_12_2013_JHV.pdf\"  target=\"_blank\">Protokoll_3_12_2013_JHV<\/a><\/p>\n<p>*********************************<\/p>\n<p>2014<\/p>\n<p><a href=\"http:\/\/www.sabinewenig.de\/IG-Blog\/wp-content\/uploads\/2025\/02\/Protokoll_27_1_2014.pdf\"  target=\"_blank\">Protokoll_27_1_2014<\/a><\/p>\n<p><a href=\"http:\/\/www.sabinewenig.de\/IG-Blog\/wp-content\/uploads\/2025\/02\/Fw_-IG-Protokoll-2014-2.pdf\" target=\"_blank\">Fw_ IG-Protokoll 2014-2<\/a><\/p>\n<p><a href=\"http:\/\/www.sabinewenig.de\/IG-Blog\/wp-content\/uploads\/2025\/02\/IG-Protokoll-2014-03.pdf\" target=\"_blank\">IG-Protokoll 2014-03<\/a><\/p>\n<p><a href=\"http:\/\/www.sabinewenig.de\/IG-Blog\/wp-content\/uploads\/2025\/02\/Prot_-2014_4.pdf\"  target=\"_blank\">Prot_ 2014_4<\/a><\/p>\n<p><a href=\"http:\/\/www.sabinewenig.de\/IG-Blog\/wp-content\/uploads\/2025\/02\/Protokoll_26_05_2014.pdf\"  target=\"_blank\">Protokoll_26_05_2014<\/a><\/p>\n<p><a href=\"http:\/\/www.sabinewenig.de\/IG-Blog\/wp-content\/uploads\/2025\/02\/Prot_-2014-06.pdf\" target=\"_blank\">Prot_ 2014-06<\/a><\/p>\n<p><a href=\"http:\/\/www.sabinewenig.de\/IG-Blog\/wp-content\/uploads\/2025\/02\/Prot_-2014_07.pdf\" target=\"_blank\">Prot_ 2014_07<\/a><\/p>\n<p><a href=\"http:\/\/www.sabinewenig.de\/IG-Blog\/wp-content\/uploads\/2025\/02\/Prot_-2014_08.pdf\" target=\"_blank\">Prot_ 2014_08<\/a><\/p>\n<p><a href=\"http:\/\/www.sabinewenig.de\/IG-Blog\/wp-content\/uploads\/2025\/02\/Protokoll_29_09_2014.pdf\"  target=\"_blank\">Protokoll_29_09_2014<\/a><\/p>\n<p><a href=\"http:\/\/www.sabinewenig.de\/IG-Blog\/wp-content\/uploads\/2025\/02\/Protokoll_27_10_2014.pdf\"  target=\"_blank\">Protokoll_27_10_2014<\/a><\/p>\n<p><a href=\"http:\/\/www.sabinewenig.de\/IG-Blog\/wp-content\/uploads\/2025\/02\/IG-Protokoll-2014-11.pdf\" target=\"_blank\">IG-Protokoll 2014-11<\/a><\/p>\n<p><a href=\"http:\/\/www.sabinewenig.de\/IG-Blog\/wp-content\/uploads\/2025\/02\/Protokoll_11_12_2014_JHV.pdf\" target=\"_blank\">Protokoll_11_12_2014_JHV<\/a><\/p>\n<p>*********************************<\/p>\n<p>2015<\/p>\n<p><a href=\"http:\/\/www.sabinewenig.de\/IG-Blog\/wp-content\/uploads\/2025\/02\/Protokoll_19_1_2015.pdf\"  target=\"_blank\">Protokoll_19_1_2015<\/a><\/p>\n<p><a href=\"http:\/\/www.sabinewenig.de\/IG-Blog\/wp-content\/uploads\/2025\/02\/Protokoll_24_2_2015.pdf\"  target=\"_blank\">Protokoll_24_2_2015<\/a><\/p>\n<p><a href=\"http:\/\/www.sabinewenig.de\/IG-Blog\/wp-content\/uploads\/2025\/02\/IG-Protokoll-Maerz-2015.pdf\" target=\"_blank\">IG-Protokoll M\u00e4rz 2015<\/a><\/p>\n<p><a href=\"http:\/\/www.sabinewenig.de\/IG-Blog\/wp-content\/uploads\/2025\/02\/Protokoll-2015_03a.pdf\" target=\"_blank\">Protokoll 2015_03a<\/a><\/p>\n<p><a href=\"http:\/\/www.sabinewenig.de\/IG-Blog\/wp-content\/uploads\/2025\/02\/IG-Protokoll-2015_03.pdf\" target=\"_blank\">IG-Protokoll 2015_03<\/a><\/p>\n<p><a href=\"http:\/\/www.sabinewenig.de\/IG-Blog\/wp-content\/uploads\/2025\/02\/Prot_-2015_04.pdf\" target=\"_blank\">Prot_ 2015_04<\/a><\/p>\n<p><a href=\"http:\/\/www.sabinewenig.de\/IG-Blog\/wp-content\/uploads\/2025\/02\/IG-Prot_-2015_05.pdf\"  target=\"_blank\">IG-Prot_ 2015_05<\/a><\/p>\n<p><a href=\"http:\/\/www.sabinewenig.de\/IG-Blog\/wp-content\/uploads\/2025\/02\/Prot_-2015_06.pdf\" target=\"_blank\">Prot_ 2015_06<\/a><\/p>\n<p>Sommerpause<\/p>\n<p><a href=\"http:\/\/www.sabinewenig.de\/IG-Blog\/wp-content\/uploads\/2025\/02\/Prot_-2015_08.pdf\" target=\"_blank\">Prot_ 2015_08<\/a><\/p>\n<p><a href=\"http:\/\/www.sabinewenig.de\/IG-Blog\/wp-content\/uploads\/2025\/02\/IG-Protokoll-2015_09.pdf\" target=\"_blank\">IG-Protokoll 2015_09<\/a><\/p>\n<p><a href=\"http:\/\/www.sabinewenig.de\/IG-Blog\/wp-content\/uploads\/2025\/02\/protokoll_26_10_2015.pdf\"  target=\"_blank\">protokoll_26_10_2015<\/a><\/p>\n<p><a href=\"http:\/\/www.sabinewenig.de\/IG-Blog\/wp-content\/uploads\/2025\/02\/Prot-2015_11.pdf\"  target=\"_blank\">Prot 2015_11<\/a><\/p>\n<p><a href=\"http:\/\/www.sabinewenig.de\/IG-Blog\/wp-content\/uploads\/2025\/02\/Prot-2015_12.pdf\"  target=\"_blank\">Prot 2015_12<\/a><\/p>\n<p>*********************************<\/p>\n<p>2016<\/p>\n<p><a href=\"http:\/\/www.sabinewenig.de\/IG-Blog\/wp-content\/uploads\/2025\/02\/IG-Prot-2016_01.pdf\"  target=\"_blank\">IG Prot 2016_01<\/a><\/p>\n<p><a href=\"http:\/\/www.sabinewenig.de\/IG-Blog\/wp-content\/uploads\/2025\/02\/Protokoll-2016_02.pdf\"  target=\"_blank\">Protokoll 2016_02<\/a><\/p>\n<p><a href=\"http:\/\/www.sabinewenig.de\/IG-Blog\/wp-content\/uploads\/2025\/02\/Protokoll-03_16.pdf\"  target=\"_blank\">Protokoll 03_16<\/a><\/p>\n<p><a href=\"http:\/\/www.sabinewenig.de\/IG-Blog\/wp-content\/uploads\/2025\/02\/Prot-2016_4.pdf\"  target=\"_blank\">Prot 2016_4<\/a><\/p>\n<p><a href=\"http:\/\/www.sabinewenig.de\/IG-Blog\/wp-content\/uploads\/2025\/02\/Protokoll-2016_05.pdf\"  target=\"_blank\">Protokoll 2016_05<\/a><\/p>\n<p><a href=\"http:\/\/www.sabinewenig.de\/IG-Blog\/wp-content\/uploads\/2025\/02\/Prot-2016_5a.pdf\"  target=\"_blank\">Prot 2016_5a<\/a><\/p>\n<p><a href=\"http:\/\/www.sabinewenig.de\/IG-Blog\/wp-content\/uploads\/2025\/02\/Protokoll-2016_06.pdf\"  target=\"_blank\">Protokoll 2016_06<\/a><\/p>\n<p>Sommerpause<\/p>\n<p><a href=\"http:\/\/www.sabinewenig.de\/IG-Blog\/wp-content\/uploads\/2025\/02\/Protokoll-IG-2016_08.pdf\"  target=\"_blank\">Protokoll IG 2016_08<\/a><\/p>\n<p><a href=\"http:\/\/www.sabinewenig.de\/IG-Blog\/wp-content\/uploads\/2025\/02\/Prot2016_10.pdf\" target=\"_blank\">Prot2016_10<\/a><\/p>\n<p><a href=\"http:\/\/www.sabinewenig.de\/IG-Blog\/wp-content\/uploads\/2025\/02\/Protokoll-2016_11.pdf\"  target=\"_blank\">Protokoll 2016_11<\/a><\/p>\n<p><a href=\"http:\/\/www.sabinewenig.de\/IG-Blog\/wp-content\/uploads\/2025\/02\/Protokoll-2016_12.pdf\"  target=\"_blank\">Protokoll 2016_12<\/a><\/p>\n<p>*********************************<\/p>\n<p>2017<\/p>\n<p><a href=\"http:\/\/www.sabinewenig.de\/IG-Blog\/wp-content\/uploads\/2025\/02\/Protokoll-2017_01.pdf\"  target=\"_blank\">Protokoll 2017_01<\/a><\/p>\n<p><a href=\"http:\/\/www.sabinewenig.de\/IG-Blog\/wp-content\/uploads\/2025\/02\/Prot-2017_02.pdf\"  target=\"_blank\">Prot 2017_02<\/a><\/p>\n<p><a href=\"http:\/\/www.sabinewenig.de\/IG-Blog\/wp-content\/uploads\/2025\/02\/Protokoll-2017_03.pdf\"  target=\"_blank\">Protokoll 2017_03<\/a><\/p>\n<p><a href=\"http:\/\/www.sabinewenig.de\/IG-Blog\/wp-content\/uploads\/2025\/02\/IG-Protokoll-2017_04.pdf\" target=\"_blank\">IG-Protokoll 2017_04<\/a><\/p>\n<p><a href=\"http:\/\/www.sabinewenig.de\/IG-Blog\/wp-content\/uploads\/2025\/02\/Protokoll-2017_05.pdf\"  target=\"_blank\">Protokoll 2017_05<\/a><\/p>\n<p><a href=\"http:\/\/www.sabinewenig.de\/IG-Blog\/wp-content\/uploads\/2025\/02\/IG-Prot-2017_06.pdf\" target=\"_blank\">IG-Prot 2017_06<\/a><\/p>\n<p><a href=\"http:\/\/www.sabinewenig.de\/IG-Blog\/wp-content\/uploads\/2025\/02\/Protokoll-_24_7_2017.pdf\"  target=\"_blank\">Protokoll _24_7_2017<\/a><\/p>\n<p><a href=\"http:\/\/www.sabinewenig.de\/IG-Blog\/wp-content\/uploads\/2025\/02\/IG-Protokoll-2017_08.pdf  target=\"_blank\"\">IG Protokoll 2017_08<\/a><\/p>\n<p><a href=\"http:\/\/www.sabinewenig.de\/IG-Blog\/wp-content\/uploads\/2025\/02\/Prot-2017_09.pdf\"  target=\"_blank\">Prot 2017_09<\/a><\/p>\n<p><a href=\"http:\/\/www.sabinewenig.de\/IG-Blog\/wp-content\/uploads\/2025\/02\/Protokoll-_23_10_2017.pdf\"  target=\"_blank\">Protokoll _23_10_2017<\/a><\/p>\n<p><a href=\"http:\/\/www.sabinewenig.de\/IG-Blog\/wp-content\/uploads\/2025\/02\/Prot-2017_11.pdf\"  target=\"_blank\">Prot 2017_11<\/a><\/p>\n<p><a href=\"http:\/\/www.sabinewenig.de\/IG-Blog\/wp-content\/uploads\/2025\/02\/Protokoll-2017_12.pdf\"  target=\"_blank\">Protokoll 2017_12<\/a><\/p>\n<p>*********************************<\/p>\n<p>2018<\/p>\n<p><a href=\"http:\/\/www.sabinewenig.de\/IG-Blog\/wp-content\/uploads\/2025\/02\/Prot-2018_01.pdf\"  target=\"_blank\">Prot 2018_01<\/a><\/p>\n<p><a href=\"http:\/\/www.sabinewenig.de\/IG-Blog\/wp-content\/uploads\/2025\/02\/Prot-2018_02-IG-altes-MD.pdf\"  target=\"_blank\">Prot 2018_02 IG altes MD<\/a><\/p>\n<p><a href=\"http:\/\/www.sabinewenig.de\/IG-Blog\/wp-content\/uploads\/2025\/02\/Prot-2018_03.pdf\"  target=\"_blank\">Prot 2018_03<\/a><\/p>\n<p><a href=\"http:\/\/www.sabinewenig.de\/IG-Blog\/wp-content\/uploads\/2025\/02\/Protokoll_23_04_2018.pdf\"  target=\"_blank\">Protokoll_23_04_2018<\/a><\/p>\n<p><a href=\"http:\/\/www.sabinewenig.de\/IG-Blog\/wp-content\/uploads\/2025\/02\/Protokoll_28_05_2018.pdf\"  target=\"_blank\">Protokoll_28_05_2018<\/a><\/p>\n<p><a href=\"http:\/\/www.sabinewenig.de\/IG-Blog\/wp-content\/uploads\/2025\/02\/Protokoll_26_06_2018.pdf\"  target=\"_blank\">Protokoll_26_06_2018<\/a><\/p>\n<p><a href=\"http:\/\/www.sabinewenig.de\/IG-Blog\/wp-content\/uploads\/2025\/02\/Protokoll_30_7_2018.pdf\"  target=\"_blank\">Protokoll_30_7_2018<\/a><\/p>\n<p><a href=\"http:\/\/www.sabinewenig.de\/IG-Blog\/wp-content\/uploads\/2025\/02\/Protokoll_27_08_2018.pdf\"  target=\"_blank\">Protokoll_27_08_2018<\/a><\/p>\n<p><a href=\"http:\/\/www.sabinewenig.de\/IG-Blog\/wp-content\/uploads\/2025\/02\/IG-Protokoll-24_9_2018-Seite1.pdf\" target=\"_blank\">IG-Protokoll-24_9_2018-Seite1<\/a><\/p>\n<p><a href=\"http:\/\/www.sabinewenig.de\/IG-Blog\/wp-content\/uploads\/2025\/02\/IG-Protokoll-24_9_2018-Seite2.pdf\" target=\"_blank\">IG-Protokoll-24_9_2018-Seite2<\/a><\/p>\n<p><a href=\"http:\/\/www.sabinewenig.de\/IG-Blog\/wp-content\/uploads\/2025\/02\/Protokoll_29_10_2018.pdf\"  target=\"_blank\">Protokoll_29_10_2018<\/a><\/p>\n<p><a href=\"http:\/\/www.sabinewenig.de\/IG-Blog\/wp-content\/uploads\/2025\/02\/Protokoll_26_11_2018.pdf\"  target=\"_blank\">Protokoll_26_11_2018<\/a><\/p>\n<p><a href=\"http:\/\/www.sabinewenig.de\/IG-Blog\/wp-content\/uploads\/2025\/02\/Protokoll_5_12_2018-1.pdf\"  target=\"_blank\">Protokoll_5_12_2018<\/a><\/p>\n<p>*********************************<\/p>\n<p>2019<\/p>\n<p><a href=\"http:\/\/www.sabinewenig.de\/IG-Blog\/wp-content\/uploads\/2025\/02\/Protokoll_29_1_2019.pdf\"  target=\"_blank\">Protokoll_29_1_2019<\/a><\/p>\n<p><a href=\"http:\/\/www.sabinewenig.de\/IG-Blog\/wp-content\/uploads\/2025\/02\/Protokoll_25_2_2019.pdf\"  target=\"_blank\">Protokoll_25_2_2019<\/a><\/p>\n<p><a href=\"http:\/\/www.sabinewenig.de\/IG-Blog\/wp-content\/uploads\/2025\/02\/Protokoll_25_3_2019.pdf\"  target=\"_blank\">Protokoll_25_3_2019<\/a><\/p>\n<p><a href=\"http:\/\/www.sabinewenig.de\/IG-Blog\/wp-content\/uploads\/2025\/02\/Protokoll_29_4_2019.pdf\"  target=\"_blank\">Protokoll_29_4_2019<\/a><\/p>\n<p><a href=\"http:\/\/www.sabinewenig.de\/IG-Blog\/wp-content\/uploads\/2025\/02\/Protokoll_27_5_2019.pdf\"  target=\"_blank\">Protokoll_27_5_2019<\/a><\/p>\n<p><a href=\"http:\/\/www.sabinewenig.de\/IG-Blog\/wp-content\/uploads\/2025\/02\/Protokoll_24_6_2019.pdf\"  target=\"_blank\">Protokoll_24_6_2019<\/a><\/p>\n<p><a href=\"http:\/\/www.sabinewenig.de\/IG-Blog\/wp-content\/uploads\/2025\/02\/Protokoll_29_07_2019.pdf\"  target=\"_blank\">Protokoll_29_07_2019<\/a><\/p>\n<p><a href=\"http:\/\/www.sabinewenig.de\/IG-Blog\/wp-content\/uploads\/2025\/02\/Protokoll_26_08_2019.pdf\"  target=\"_blank\">Protokoll_26_08_2019<\/a><\/p>\n<p><a href=\"http:\/\/www.sabinewenig.de\/IG-Blog\/wp-content\/uploads\/2025\/02\/Protokoll_30_09_2019.pdf\"  target=\"_blank\">Protokoll_30_09_2019<\/a><\/p>\n<p><a href=\"http:\/\/www.sabinewenig.de\/IG-Blog\/wp-content\/uploads\/2025\/02\/Protokoll_28_10_2019.pdf\"  target=\"_blank\">Protokoll_28_10_2019<\/a><\/p>\n<p><a href=\"http:\/\/www.sabinewenig.de\/IG-Blog\/wp-content\/uploads\/2025\/02\/Protokoll_25_11_2019.pdf\"  target=\"_blank\">Protokoll_25_11_2019<\/a><\/p>\n<p>*********************************<\/p>\n<p>2020<br \/>\n<a href=\"http:\/\/www.sabinewenig.de\/IG-Blog\/wp-content\/uploads\/2025\/02\/Protokoll_27_01_2020.pdf\"  target=\"_blank\">Protokoll_27_01_2020<\/a><\/p>\n<p><a href=\"http:\/\/www.sabinewenig.de\/IG-Blog\/wp-content\/uploads\/2025\/02\/Protokoll_24_02_2020.pdf\"  target=\"_blank\">Protokoll_24_02_2020<\/a><\/p>\n<p><a href=\"http:\/\/www.sabinewenig.de\/IG-Blog\/wp-content\/uploads\/2025\/02\/Protokoll_24_02_2020-Seite1.pdf\"  target=\"_blank\">Protokoll_24_02_2020-Seite1<\/a><\/p>\n<p><a href=\"http:\/\/www.sabinewenig.de\/IG-Blog\/wp-content\/uploads\/2025\/02\/Protokoll_24_02_2020-Seite2.pdf\"  target=\"_blank\">Protokoll_24_02_2020-Seite2<\/a><\/p>\n<p><a href=\"http:\/\/www.sabinewenig.de\/IG-Blog\/wp-content\/uploads\/2025\/02\/Protokoll_29_06_2020.pdf\"  target=\"_blank\">Protokoll_29_06_2020<\/a><\/p>\n<p>Sommerpause<\/p>\n<p><a href=\"http:\/\/www.sabinewenig.de\/IG-Blog\/wp-content\/uploads\/2025\/02\/Protokoll_31_08_2020.pdf\"  target=\"_blank\">Protokoll_31_08_2020<\/a><\/p>\n<p><a href=\"http:\/\/www.sabinewenig.de\/IG-Blog\/wp-content\/uploads\/2025\/02\/Protokoll_28_09_2020.pdf\"  target=\"_blank\">Protokoll_28_09_2020<\/a><\/p>\n<p><a href=\"http:\/\/www.sabinewenig.de\/IG-Blog\/wp-content\/uploads\/2025\/02\/Protokoll_26_10_2020.pdf\"  target=\"_blank\">Protokoll_26_10_2020<\/a><\/p>\n<p>*********************************<\/p>\n<p>2021<\/p>\n<p><a href=\"http:\/\/www.sabinewenig.de\/IG-Blog\/wp-content\/uploads\/2025\/02\/Protokoll_28_06_2021.pdf\"  target=\"_blank\">Protokoll_28_06_2021<\/a><\/p>\n<p>Sommerpause<\/p>\n<p><a href=\"http:\/\/www.sabinewenig.de\/IG-Blog\/wp-content\/uploads\/2025\/02\/Protokoll_30_08_2021.pdf\"  target=\"_blank\">Protokoll_30_08_2021<\/a><\/p>\n<p><a href=\"http:\/\/www.sabinewenig.de\/IG-Blog\/wp-content\/uploads\/2025\/02\/Protokoll_27_09_2021.pdf\"  target=\"_blank\">Protokoll_27_09_2021<\/a><\/p>\n<p><a href=\"http:\/\/www.sabinewenig.de\/IG-Blog\/wp-content\/uploads\/2025\/02\/Protokoll_25_10_2021.pdf\"  target=\"_blank\">Protokoll_25_10_2021<\/a><\/p>\n<p>*********************************<\/p>\n<p>2022<\/p>\n<p><a href=\"http:\/\/www.sabinewenig.de\/IG-Blog\/wp-content\/uploads\/2025\/02\/Protokoll_28_02_2022.pdf\"  target=\"_blank\">Protokoll_28_02_2022<\/a><\/p>\n<p><a href=\"http:\/\/www.sabinewenig.de\/IG-Blog\/wp-content\/uploads\/2025\/02\/Protokoll_25_04_2022.pdf\"  target=\"_blank\">Protokoll_25_04_2022<\/a><\/p>\n<p><a href=\"http:\/\/www.sabinewenig.de\/IG-Blog\/wp-content\/uploads\/2025\/02\/Protokoll_30_05_2022.pdf\"  target=\"_blank\">Protokoll_30_05_2022<\/a><\/p>\n<p><a href=\"http:\/\/www.sabinewenig.de\/IG-Blog\/wp-content\/uploads\/2025\/02\/Protokoll_27_06_2022.pdf\"  target=\"_blank\">Protokoll_27_06_2022<\/a><\/p>\n<p><a href=\"http:\/\/www.sabinewenig.de\/IG-Blog\/wp-content\/uploads\/2025\/02\/Protokoll_27_07_2022.pdf\"  target=\"_blank\">Protokoll_27_07_2022<\/a><\/p>\n<p><a href=\"http:\/\/www.sabinewenig.de\/IG-Blog\/wp-content\/uploads\/2025\/02\/Protokoll_29_08_2022.pdf\"  target=\"_blank\">Protokoll_29_08_2022<\/a><\/p>\n<p><a href=\"http:\/\/www.sabinewenig.de\/IG-Blog\/wp-content\/uploads\/2025\/02\/Protokoll_24_10_2022.pdf\"  target=\"_blank\">Protokoll_24_10_2022<\/a><\/p>\n<p><a href=\"http:\/\/www.sabinewenig.de\/IG-Blog\/wp-content\/uploads\/2025\/02\/Protokoll_28_11_2022.pdf\"  target=\"_blank\">Protokoll_28_11_2022<\/a><\/p>\n<p>*********************************<\/p>\n<p>2023<\/p>\n<p><a href=\"http:\/\/www.sabinewenig.de\/IG-Blog\/wp-content\/uploads\/2025\/02\/Protokoll_30_01_2023.pdf\"  target=\"_blank\">Protokoll_30_01_2023<\/a><\/p>\n<p><a href=\"http:\/\/www.sabinewenig.de\/IG-Blog\/wp-content\/uploads\/2025\/02\/Protokoll_27_02_2023.pdf\"  target=\"_blank\">Protokoll_27_02_2023<\/a><\/p>\n<p><a href=\"http:\/\/www.sabinewenig.de\/IG-Blog\/wp-content\/uploads\/2025\/02\/Protokoll_24_04_2023.pdf\"  target=\"_blank\">Protokoll_24_04_2023<\/a><\/p>\n<p><a href=\"http:\/\/www.sabinewenig.de\/IG-Blog\/wp-content\/uploads\/2025\/02\/Protokoll_22_05_2023.pdf\"  target=\"_blank\">Protokoll_22_05_2023<\/a><\/p>\n<p><a href=\"http:\/\/www.sabinewenig.de\/IG-Blog\/wp-content\/uploads\/2025\/02\/Protokoll_26_06_2023.pdf\"  target=\"_blank\">Protokoll_26_06_2023<\/a><\/p>\n<p>Sommerpause<\/p>\n<p><a href=\"http:\/\/www.sabinewenig.de\/IG-Blog\/wp-content\/uploads\/2025\/02\/Protokoll_07_08_2023.pdf\"  target=\"_blank\">Protokoll_07_08_2023<\/a><\/p>\n<p><a href=\"http:\/\/www.sabinewenig.de\/IG-Blog\/wp-content\/uploads\/2025\/02\/Protokoll_28_08_2023.pdf\"  target=\"_blank\">Protokoll_28_08_2023<\/a><\/p>\n<p><a href=\"http:\/\/www.sabinewenig.de\/IG-Blog\/wp-content\/uploads\/2025\/02\/Protokoll_25_09_2023.pdf\"  target=\"_blank\">Protokoll_25_09_2023<\/a><\/p>\n<p><a href=\"http:\/\/www.sabinewenig.de\/IG-Blog\/wp-content\/uploads\/2025\/02\/Protokoll_23_10_2023.pdf\"  target=\"_blank\">Protokoll_23_10_2023<\/a><\/p>\n<p><a href=\"http:\/\/www.sabinewenig.de\/IG-Blog\/wp-content\/uploads\/2025\/02\/Protokoll_27_11_2023.pdf\"  target=\"_blank\">Protokoll_27_11_2023<\/a><\/p>\n<p>*********************************<\/p>\n<p>2024<\/p>\n<p><a href=\"http:\/\/www.sabinewenig.de\/IG-Blog\/wp-content\/uploads\/2025\/02\/Protokoll_29_01_2024.pdf\"  target=\"_blank\">Protokoll_29_01_2024<\/a><\/p>\n<p><a href=\"http:\/\/www.sabinewenig.de\/IG-Blog\/wp-content\/uploads\/2025\/02\/Protokoll_26_02_2024.pdf\"  target=\"_blank\">Protokoll_26_02_2024<\/a><\/p>\n<p><a href=\"http:\/\/www.sabinewenig.de\/IG-Blog\/wp-content\/uploads\/2025\/02\/Protokoll_25_03_2024-Gruendungsdatum-vom-13.12.2004-in-der-Buttergasse.pdf\"  target=\"_blank\">Protokoll_25_03_2024 &#8211; Gr\u00fcndungsdatum vom 13.12.2004 in der Buttergasse<\/a><\/p>\n<p><a href=\"http:\/\/www.sabinewenig.de\/IG-Blog\/wp-content\/uploads\/2025\/02\/Protokoll_29_04_2024.pdf\"  target=\"_blank\">Protokoll_29_04_2024<\/a><\/p>\n<p><a href=\"http:\/\/www.sabinewenig.de\/IG-Blog\/wp-content\/uploads\/2025\/02\/Protokoll_27_05_2024.pdf\"  target=\"_blank\">Protokoll_27_05_2024<\/a><\/p>\n<p><a href=\"http:\/\/www.sabinewenig.de\/IG-Blog\/wp-content\/uploads\/2025\/02\/Protokoll_24_06_2024.pdf\"  target=\"_blank\">Protokoll_24_06_2024<\/a><\/p>\n<p><a href=\"http:\/\/www.sabinewenig.de\/IG-Blog\/wp-content\/uploads\/2025\/02\/Protokoll_29_07_2024.pdf\"  target=\"_blank\">Protokoll_29_07_2024<\/a><\/p>\n<p><a href=\"http:\/\/www.sabinewenig.de\/IG-Blog\/wp-content\/uploads\/2025\/02\/Protokoll_26_08_2024.pdf\"  target=\"_blank\">Protokoll_26_08_2024<\/a><\/p>\n<p><a href=\"http:\/\/www.sabinewenig.de\/IG-Blog\/wp-content\/uploads\/2025\/02\/Protokoll_30_09_2024.pdf\"  target=\"_blank\">Protokoll_30_09_2024<\/a><\/p>\n<p><a href=\"http:\/\/www.sabinewenig.de\/IG-Blog\/wp-content\/uploads\/2025\/02\/Protokoll_28_10_2024.pdf\"  target=\"_blank\">Protokoll_28_10_2024<\/a><\/p>\n<p><a href=\"http:\/\/www.sabinewenig.de\/IG-Blog\/wp-content\/uploads\/2025\/02\/Protokoll_25_11_2024.pdf\"  target=\"_blank\">Protokoll_25_11_2024<\/a><\/p>\n<p><a href=\"http:\/\/www.sabinewenig.de\/IG-Blog\/wp-content\/uploads\/2025\/02\/Protokoll_05_12_2024.pdf\"  target=\"_blank\">Protokoll_05_12_2024<\/a><\/p>\n<p>*********************************<\/p>\n<p>2025<\/p>\n<p><a href=\"http:\/\/www.sabinewenig.de\/IG-Blog\/wp-content\/uploads\/2025\/02\/Protokoll_27_01_2025.pdf\"  target=\"_blank\">Protokoll_27_01_2025<\/a><\/p>\n<p><a href=\"http:\/\/www.sabinewenig.de\/IG-Blog\/wp-content\/uploads\/2025\/02\/Protokoll_24_02_2025.pdf\" target=\"_blank\">Protokoll_24_02_2025<\/a><\/p>\n<p><a href=\"http:\/\/www.sabinewenig.de\/IG-Blog\/wp-content\/uploads\/2025\/04\/Protokoll_31_03_2025.pdf\" target=\"_blank\">Protokoll_31_03_2025<\/a><\/p>\n<p><a href=\"http:\/\/www.sabinewenig.de\/IG-Blog\/wp-content\/uploads\/2025\/02\/Protokoll_28_04_2025.pdf\"  target=\"_blank\">Protokoll_28_04_2025<\/a><\/p>\n<p><a href=\"http:\/\/www.sabinewenig.de\/IG-Blog\/wp-content\/uploads\/2025\/02\/Protokoll_23_06_2025.pdf\" target=\"_blank\">Protokoll_23_06_2025<\/a><\/p>\n<p><a href=\"http:\/\/www.sabinewenig.de\/IG-Blog\/wp-content\/uploads\/2025\/08\/Protokoll_25_08_2025.pdf\"  target=\"_blank\">Protokoll_25_08_2025<\/a><\/p>\n<p><a href=\"http:\/\/www.sabinewenig.de\/IG-Blog\/wp-content\/uploads\/2025\/02\/Protokoll_29_09_2025.pdf\"  target=\"_blank\">Protokoll_29_09_2025<\/a><\/p>\n<p><a href=\"http:\/\/www.sabinewenig.de\/IG-Blog\/wp-content\/uploads\/2025\/02\/Protokoll_27_10_2025.pdf\"  target=\"_blank\">Protokoll_27_10_2025<\/a><\/p>\n<p><a href=\"http:\/\/www.sabinewenig.de\/IG-Blog\/wp-content\/uploads\/2025\/02\/Protokoll_24_11_2025.pdf\"  target=\"_blank\">Protokoll_24_11_2025<\/a><\/p>\n<p><a href=\"http:\/\/www.sabinewenig.de\/IG-Blog\/wp-content\/uploads\/2025\/02\/Protokoll_10_12_2025.pdf\"  target=\"_blank\">Protokoll_10_12_2025<\/a><\/p>\n<p>*********************************<\/p>\n<p>2026 <\/p>\n<p><a href=\"http:\/\/www.sabinewenig.de\/IG-Blog\/wp-content\/uploads\/2025\/02\/Protokoll_26_01_2026.pdf\"  target=\"_blank\">Protokoll_26_01_2026<\/a><\/p>\n<p><a href=\"http:\/\/www.sabinewenig.de\/IG-Blog\/wp-content\/uploads\/2025\/02\/Protokoll_23_02_2026.pdf\"  target=\"_blank\">Protokoll_23_02_2026<\/a><\/p>\n<p><a href=\"http:\/\/www.sabinewenig.de\/IG-Blog\/wp-content\/uploads\/2025\/02\/Protokoll_30_03_2026.pdf\"  target=\"_blank\">Protokoll_30_03_2026<\/a><\/p>\n<p>*********************************<\/p>\n","protected":false},"excerpt":{"rendered":"<p>********************************* 2004 Gr\u00fcndungs-Protokoll : Gr\u00fcndungsprotokoll-Seite1 Gr\u00fcndungsprotokoll-Seite2 Gr\u00fcndungsprotokoll-Seite3 ********************************* 2005 Protokoll 26_09_05 Protokoll 2005-09 Protokoll 2005-10 JHV 2005 Protokoll ********************************* 2006 Protokoll 2006-01 Protokoll 2006-02 Protokoll_27_2_06-Seite1 Protokoll_27_2_06-Seite2 Protokoll 05_2006 Sommerpause IG-Protokoll vom 28_8_06 IG-Protokoll 25_9_06 Protokoll 2006-10 Protokoll 2006-11 ********************************* 2007 &hellip; <a href=\"http:\/\/www.sabinewenig.de\/IG-Blog\/?p=158351\">Weiterlesen <span class=\"meta-nav\">&rarr;<\/span><\/a><\/p>\n","protected":false},"author":1,"featured_media":0,"comment_status":"closed","ping_status":"open","sticky":false,"template":"","format":"standard","meta":{"footnotes":""},"categories":[1,11,407,145,429],"tags":[409,176,410,408,411,412,259,430],"class_list":["post-158351","post","type-post","status-publish","format-standard","hentry","category-allgemein","category-blog","category-ig-altes-magdeburg-e-v","category-magdeburg","category-protokolle","tag-altes","tag-blog","tag-e-v","tag-ig","tag-ig-altes-magdeburg","tag-ig-altes-magdeburg-e-v","tag-magdeburg","tag-protokolle"],"_links":{"self":[{"href":"http:\/\/www.sabinewenig.de\/IG-Blog\/index.php?rest_route=\/wp\/v2\/posts\/158351","targetHints":{"allow":["GET"]}}],"collection":[{"href":"http:\/\/www.sabinewenig.de\/IG-Blog\/index.php?rest_route=\/wp\/v2\/posts"}],"about":[{"href":"http:\/\/www.sabinewenig.de\/IG-Blog\/index.php?rest_route=\/wp\/v2\/types\/post"}],"author":[{"embeddable":true,"href":"http:\/\/www.sabinewenig.de\/IG-Blog\/index.php?rest_route=\/wp\/v2\/users\/1"}],"replies":[{"embeddable":true,"href":"http:\/\/www.sabinewenig.de\/IG-Blog\/index.php?rest_route=%2Fwp%2Fv2%2Fcomments&post=158351"}],"version-history":[{"count":2,"href":"http:\/\/www.sabinewenig.de\/IG-Blog\/index.php?rest_route=\/wp\/v2\/posts\/158351\/revisions"}],"predecessor-version":[{"id":161719,"href":"http:\/\/www.sabinewenig.de\/IG-Blog\/index.php?rest_route=\/wp\/v2\/posts\/158351\/revisions\/161719"}],"wp:attachment":[{"href":"http:\/\/www.sabinewenig.de\/IG-Blog\/index.php?rest_route=%2Fwp%2Fv2%2Fmedia&parent=158351"}],"wp:term":[{"taxonomy":"category","embeddable":true,"href":"http:\/\/www.sabinewenig.de\/IG-Blog\/index.php?rest_route=%2Fwp%2Fv2%2Fcategories&post=158351"},{"taxonomy":"post_tag","embeddable":true,"href":"http:\/\/www.sabinewenig.de\/IG-Blog\/index.php?rest_route=%2Fwp%2Fv2%2Ftags&post=158351"}],"curies":[{"name":"wp","href":"https:\/\/api.w.org\/{rel}","templated":true}]}}