{"id":158329,"date":"2025-02-08T13:19:46","date_gmt":"2025-02-08T12:19:46","guid":{"rendered":"http:\/\/www.sabinewenig.de\/IG-Blog\/?p=158329"},"modified":"2025-06-05T11:16:40","modified_gmt":"2025-06-05T10:16:40","slug":"erster-beitrag-8-2-2025-ig-blog-erstellt","status":"publish","type":"post","link":"http:\/\/www.sabinewenig.de\/IG-Blog\/?p=158329","title":{"rendered":"Erster Beitrag : <br>8.2.2025 IG-Blog erstellt"},"content":{"rendered":"<p>*********************************<\/p>\n<p>Hallo liebe Leute,<\/p>\n<p>aufgrund technischer Schwierigkeiten waren unsere Domain\u00b4s blockiert<br \/>\nund darum habe ich heute &#8211; 8.2.2025 angefangen mit diesem IG-Blog.<br \/>\nSo zu sagen als Geschenk zum 20j\u00e4hrigen Bestehen.<\/p>\n<p>Momentan laufen darum auch unsere anderen IG-Webseiten auch \u00fcber meinen Server<br \/>\nund meine Domain :<br \/>\n<a href=\"http:\/\/www.sabinewenig.de\/ig-altes-magdeburg\/\" target=\"_blank\">http:\/\/www.sabinewenig.de\/ig-altes-magdeburg\/<\/a><br \/>\nund<br \/>\n<a href=\"http:\/\/www.sabinewenig.de\/Homepage_neu\/index.htm\" target=\"_blank\">http:\/\/www.sabinewenig.de\/Homepage_neu\/index.htm<\/a><\/p>\n<p>Bei Schwierigkeiten oder Mitteilungen k\u00f6nnt Ihr mir gerne schreiben :<\/p>\n<p>Sabine Wenig<br \/>\nBertolt-Brecht-Str. 14 c<br \/>\n39120 Magdeburg<\/p>\n<p>Tel. : 0391 \/ 9901240<br \/>\nFunk : 0162 \/ 4020455<\/p>\n<p><a href=\"mailto:info@sabinewenig.de\">info@sabinewenig.de<\/a><br \/>\n<a href=\"http:\/\/www.sabinewenig.de\" target=\"_blank\">http:\/\/www.sabinewenig.de<\/a><\/p>\n<p>Ach und st\u00f6rt Euch nicht an den unterschiedlichen Adressen auf den Bildern<br \/>\n(z.B. Flyer oder Visitenkarten o.\u00e4.): die IG ist mehrfach umgezogen<br \/>\n&#8211; \u00d6SA<br \/>\n&#8211; Urania<br \/>\n&#8211; Neustadtladen<br \/>\n&#8211; Zentral-Bibliothek (derzeit)<\/p>\n<p>Ich habe versucht vorrangig von mir fotografierte Bilder einzubauen (wegen der Bildrechte) &#8211;<br \/>\nallerdings ging das nicht immer und ich habe auf Bilder anderer IG-Mitglieder zur\u00fcck gegriffen.<br \/>\nWenn die Besitzer angegeben waren, stehen sie im Dateinamen (Quelltext).<br \/>\nDie Rechte liegen also alle bei unseren IG-Mitgiedern.<br \/>\nNat\u00fcrlich habe ich das Einverst\u00e4ndnis, ihre Bilder nutzen zu d\u00fcrfen, voraus gesetzt und<br \/>\nauch das Einverst\u00e4ndnis, da\u00df die IG-Mitglieder auf den Foto\u00b4s abgebildet sind<br \/>\n&#8211; schlie\u00dflich haben sie ja diese IG-Blog-Webseite &#8222;in Auftrag gegeben&#8220;<br \/>\nund wie sollte ich ohne sie die Vereinsarbeit darstellen ?<br \/>\nIch habe aber alle Mitglieder informiert und sie gebeten, mir Bescheid zu geben,<br \/>\nwenn sie mit irgend etwas nicht einverstanden sind oder \u00c4nderungsw\u00fcnsche haben.<\/p>\n<p>*********************************<\/p>\n<p>Ich habe jetzt einen ganzen Monat lang tgl. 5-6h Daten in diesen IG-Blog eingegeben (1300 Bilder z.B.) und werde mich zuk\u00fcnftig auf neu eingehende Aktualisierungen z.B. von Protokollen usw. beschr\u00e4nken.<br \/>\nLeider hatte ich noch keine R\u00fcckmeldung von den IG-Mitgliedern, obwohl ich es Ihnen per Mail allen mitgeteilt habe &#8211; ich hoffe nur, da\u00df meine Email-Adresse nicht in deren Spamordner (in der schwarzen Liste) steht aufgrund der H\u00e4ufigkeit von Emails.<\/p>\n<p>*********************************<\/p>\n<p>Ab heute (5.6.2025) l\u00e4uft unsere Domain <a href=\"http:\/\/www.ig-altes-magdeburg.de\" target=\"_blank\">http:\/\/www.ig-altes-magdeburg.de<\/a> wieder ok.<\/p>\n","protected":false},"excerpt":{"rendered":"<p>********************************* Hallo liebe Leute, aufgrund technischer Schwierigkeiten waren unsere Domain\u00b4s blockiert und darum habe ich heute &#8211; 8.2.2025 angefangen mit diesem IG-Blog. So zu sagen als Geschenk zum 20j\u00e4hrigen Bestehen. Momentan laufen darum auch unsere anderen IG-Webseiten auch \u00fcber meinen &hellip; <a href=\"http:\/\/www.sabinewenig.de\/IG-Blog\/?p=158329\">Weiterlesen <span class=\"meta-nav\">&rarr;<\/span><\/a><\/p>\n","protected":false},"author":1,"featured_media":0,"comment_status":"closed","ping_status":"open","sticky":false,"template":"","format":"standard","meta":{"footnotes":""},"categories":[1,407],"tags":[409,176,410,408,411,412,259],"class_list":["post-158329","post","type-post","status-publish","format-standard","hentry","category-allgemein","category-ig-altes-magdeburg-e-v","tag-altes","tag-blog","tag-e-v","tag-ig","tag-ig-altes-magdeburg","tag-ig-altes-magdeburg-e-v","tag-magdeburg"],"_links":{"self":[{"href":"http:\/\/www.sabinewenig.de\/IG-Blog\/index.php?rest_route=\/wp\/v2\/posts\/158329","targetHints":{"allow":["GET"]}}],"collection":[{"href":"http:\/\/www.sabinewenig.de\/IG-Blog\/index.php?rest_route=\/wp\/v2\/posts"}],"about":[{"href":"http:\/\/www.sabinewenig.de\/IG-Blog\/index.php?rest_route=\/wp\/v2\/types\/post"}],"author":[{"embeddable":true,"href":"http:\/\/www.sabinewenig.de\/IG-Blog\/index.php?rest_route=\/wp\/v2\/users\/1"}],"replies":[{"embeddable":true,"href":"http:\/\/www.sabinewenig.de\/IG-Blog\/index.php?rest_route=%2Fwp%2Fv2%2Fcomments&post=158329"}],"version-history":[{"count":0,"href":"http:\/\/www.sabinewenig.de\/IG-Blog\/index.php?rest_route=\/wp\/v2\/posts\/158329\/revisions"}],"wp:attachment":[{"href":"http:\/\/www.sabinewenig.de\/IG-Blog\/index.php?rest_route=%2Fwp%2Fv2%2Fmedia&parent=158329"}],"wp:term":[{"taxonomy":"category","embeddable":true,"href":"http:\/\/www.sabinewenig.de\/IG-Blog\/index.php?rest_route=%2Fwp%2Fv2%2Fcategories&post=158329"},{"taxonomy":"post_tag","embeddable":true,"href":"http:\/\/www.sabinewenig.de\/IG-Blog\/index.php?rest_route=%2Fwp%2Fv2%2Ftags&post=158329"}],"curies":[{"name":"wp","href":"https:\/\/api.w.org\/{rel}","templated":true}]}}